{"id":98783,"date":"2024-03-17T08:30:00","date_gmt":"2024-03-17T07:30:00","guid":{"rendered":"https:\/\/cms.munich-startup.net\/?p=98783"},"modified":"2024-03-15T11:38:41","modified_gmt":"2024-03-15T10:38:41","slug":"weekly-wrap-up-10-2024","status":"publish","type":"post","link":"https:\/\/cms.munich-startup.net\/en\/98783\/weekly-wrap-up-10-2024\/","title":{"rendered":"Weekly Wrap-up 10\/2024"},"content":{"rendered":"<div class=\"entry-content\">\n<figure class=\"wp-block-image size-large\"><a href=\"\/en\/98594\/the-plant-magic-7-questions\/\"><img decoding=\"async\" width=\"1048\" height=\"521\" src=\"https:\/\/cms.munich-startup.net\/wp-content\/uploads\/2024\/03\/plant-Magic.jpg\" alt=\"\" class=\"wp-image-98786\" srcset=\"https:\/\/cms.munich-startup.net\/wp-content\/uploads\/2024\/03\/plant-Magic.jpg 1048w, https:\/\/cms.munich-startup.net\/wp-content\/uploads\/2024\/03\/plant-Magic-600x298.jpg 600w, https:\/\/cms.munich-startup.net\/wp-content\/uploads\/2024\/03\/plant-Magic-768x382.jpg 768w, https:\/\/cms.munich-startup.net\/wp-content\/uploads\/2024\/03\/plant-Magic-880x437.jpg 880w, https:\/\/cms.munich-startup.net\/wp-content\/uploads\/2024\/03\/plant-Magic-440x219.jpg 440w, https:\/\/cms.munich-startup.net\/wp-content\/uploads\/2024\/03\/plant-Magic-300x150.jpg 300w\" sizes=\"(max-width: 1048px) 100vw, 1048px\" \/><\/a><figcaption><strong>Liquid superfood:<\/strong> Plant Magic was born in 2021 from the idea of complementing classic to-go drinks such as milkshakes and smoothies with a vegan, plant-based alternative. All products are based on recipes and ingredients that are believed to have health-promoting and functional effects. <a href=\"\/en\/98594\/the-plant-magic-7-questions\/\">Sebastian Brecey, one of the founders, explained to us how and which products they are working on and what he appreciates about Munich as a startup location<\/a>. (Photo: The Plant Magic Company)<\/figcaption><\/figure>\n\n\n\n<!--nextpage-->\n\n\n\n<figure class=\"wp-block-image size-large\"><a href=\"\/en\/98650\/ampeers-energy-series-c\/\"><img decoding=\"async\" width=\"1200\" height=\"800\" src=\"https:\/\/cms.munich-startup.net\/wp-content\/uploads\/2024\/03\/001_Dr_Karsten_Schmidt-1200x800.jpg\" alt=\"Ampeers Energy\" class=\"wp-image-98654\" srcset=\"https:\/\/cms.munich-startup.net\/wp-content\/uploads\/2024\/03\/001_Dr_Karsten_Schmidt-1200x800.jpg 1200w, https:\/\/cms.munich-startup.net\/wp-content\/uploads\/2024\/03\/001_Dr_Karsten_Schmidt-600x400.jpg 600w, https:\/\/cms.munich-startup.net\/wp-content\/uploads\/2024\/03\/001_Dr_Karsten_Schmidt-768x512.jpg 768w, https:\/\/cms.munich-startup.net\/wp-content\/uploads\/2024\/03\/001_Dr_Karsten_Schmidt-1536x1024.jpg 1536w, https:\/\/cms.munich-startup.net\/wp-content\/uploads\/2024\/03\/001_Dr_Karsten_Schmidt-2048x1365.jpg 2048w, https:\/\/cms.munich-startup.net\/wp-content\/uploads\/2024\/03\/001_Dr_Karsten_Schmidt-880x587.jpg 880w, https:\/\/cms.munich-startup.net\/wp-content\/uploads\/2024\/03\/001_Dr_Karsten_Schmidt-440x293.jpg 440w\" sizes=\"(max-width: 1200px) 100vw, 1200px\" \/><\/a><figcaption><strong>Ampeers Energy closes Series C:<\/strong> The Munich-based SaaS startup Ampeers Energy secures an investment in the double-digit millions. <a href=\"\/en\/98650\/ampeers-energy-series-c\/\">The round is led by the Israeli solar company Solar Edge<\/a>. (Photo: Ampeers Energy)<\/figcaption><\/figure>\n\n\n\n<!--nextpage-->\n\n\n\n<figure class=\"wp-block-image size-large\"><a href=\"\/en\/98670\/german-entrepreneurship-becomes-start2-group\/\"><img decoding=\"async\" width=\"1200\" height=\"725\" src=\"https:\/\/cms.munich-startup.net\/wp-content\/uploads\/2024\/03\/PM_German-Entrepreneurship-wird-zu-Start2-Group_07.03.2024-1200x725.jpg\" alt=\"Start2 Group\" class=\"wp-image-98673\" srcset=\"https:\/\/cms.munich-startup.net\/wp-content\/uploads\/2024\/03\/PM_German-Entrepreneurship-wird-zu-Start2-Group_07.03.2024-1200x725.jpg 1200w, https:\/\/cms.munich-startup.net\/wp-content\/uploads\/2024\/03\/PM_German-Entrepreneurship-wird-zu-Start2-Group_07.03.2024-600x363.jpg 600w, https:\/\/cms.munich-startup.net\/wp-content\/uploads\/2024\/03\/PM_German-Entrepreneurship-wird-zu-Start2-Group_07.03.2024-768x464.jpg 768w, https:\/\/cms.munich-startup.net\/wp-content\/uploads\/2024\/03\/PM_German-Entrepreneurship-wird-zu-Start2-Group_07.03.2024-1536x928.jpg 1536w, https:\/\/cms.munich-startup.net\/wp-content\/uploads\/2024\/03\/PM_German-Entrepreneurship-wird-zu-Start2-Group_07.03.2024-2048x1237.jpg 2048w, https:\/\/cms.munich-startup.net\/wp-content\/uploads\/2024\/03\/PM_German-Entrepreneurship-wird-zu-Start2-Group_07.03.2024-880x532.jpg 880w, https:\/\/cms.munich-startup.net\/wp-content\/uploads\/2024\/03\/PM_German-Entrepreneurship-wird-zu-Start2-Group_07.03.2024-440x266.jpg 440w, https:\/\/cms.munich-startup.net\/wp-content\/uploads\/2024\/03\/PM_German-Entrepreneurship-wird-zu-Start2-Group_07.03.2024-250x150.jpg 250w\" sizes=\"(max-width: 1200px) 100vw, 1200px\" \/><\/a><figcaption><strong>German Entrepreneurship becomes Start2 Group:<\/strong> A new name that reflects the international focus of the group. Start2 Group \u2013 formerly German Entrepreneurship \u2013 <a href=\"\/en\/98670\/german-entrepreneurship-becomes-start2-group\/\">is represented with several locations in Europe, the USA, Latin America and Asia<\/a>. (Photo: Start2 Group)<\/figcaption><\/figure>\n\n\n\n<!--nextpage-->\n\n\n\n<figure class=\"wp-block-image size-large\"><a href=\"\/en\/98745\/podcast-newsflash-february\/\"><img decoding=\"async\" width=\"1200\" height=\"800\" src=\"https:\/\/cms.munich-startup.net\/wp-content\/uploads\/2024\/03\/microphone-2618102_1280-1200x800.jpg\" alt=\"Podcast Newsflash\" class=\"wp-image-98747\" srcset=\"https:\/\/cms.munich-startup.net\/wp-content\/uploads\/2024\/03\/microphone-2618102_1280-1200x800.jpg 1200w, https:\/\/cms.munich-startup.net\/wp-content\/uploads\/2024\/03\/microphone-2618102_1280-600x400.jpg 600w, https:\/\/cms.munich-startup.net\/wp-content\/uploads\/2024\/03\/microphone-2618102_1280-768x512.jpg 768w, https:\/\/cms.munich-startup.net\/wp-content\/uploads\/2024\/03\/microphone-2618102_1280-880x586.jpg 880w, https:\/\/cms.munich-startup.net\/wp-content\/uploads\/2024\/03\/microphone-2618102_1280-440x293.jpg 440w, https:\/\/cms.munich-startup.net\/wp-content\/uploads\/2024\/03\/microphone-2618102_1280.jpg 1280w\" sizes=\"(max-width: 1200px) 100vw, 1200px\" \/><\/a><figcaption><strong>The most important news from the Munich startup scene in February:<\/strong> With episode 74 of the Munich Startup Podcast, we are introducing a new format: the monthly newsflash. <a href=\"\/en\/98745\/podcast-newsflash-february\/\">In our February roundup, we go through all relevant financing rounds, acquisitions, expansions, new partnerships, and more in the Munich startup ecosystem<\/a>. (Photo: StockSnap \/ Pixabay)<\/figcaption><\/figure>\n\n\n\n<!--nextpage-->\n\n\n\n<figure class=\"wp-block-image size-large\"><a href=\"\/en\/98718\/filu-7-questions\/\"><img decoding=\"async\" width=\"1200\" height=\"857\" src=\"https:\/\/cms.munich-startup.net\/wp-content\/uploads\/2024\/03\/2023_01_31_Filu_Portraits_Gru\u0308nder_59741_-1-1200x857.jpg\" alt=\"Filu\" class=\"wp-image-98720\" srcset=\"https:\/\/cms.munich-startup.net\/wp-content\/uploads\/2024\/03\/2023_01_31_Filu_Portraits_Gru\u0308nder_59741_-1-1200x857.jpg 1200w, https:\/\/cms.munich-startup.net\/wp-content\/uploads\/2024\/03\/2023_01_31_Filu_Portraits_Gru\u0308nder_59741_-1-600x429.jpg 600w, https:\/\/cms.munich-startup.net\/wp-content\/uploads\/2024\/03\/2023_01_31_Filu_Portraits_Gru\u0308nder_59741_-1-768x549.jpg 768w, https:\/\/cms.munich-startup.net\/wp-content\/uploads\/2024\/03\/2023_01_31_Filu_Portraits_Gru\u0308nder_59741_-1-1536x1097.jpg 1536w, https:\/\/cms.munich-startup.net\/wp-content\/uploads\/2024\/03\/2023_01_31_Filu_Portraits_Gru\u0308nder_59741_-1-2048x1463.jpg 2048w, https:\/\/cms.munich-startup.net\/wp-content\/uploads\/2024\/03\/2023_01_31_Filu_Portraits_Gru\u0308nder_59741_-1-880x629.jpg 880w, https:\/\/cms.munich-startup.net\/wp-content\/uploads\/2024\/03\/2023_01_31_Filu_Portraits_Gru\u0308nder_59741_-1-440x314.jpg 440w\" sizes=\"(max-width: 1200px) 100vw, 1200px\" \/><\/a><figcaption><strong>The digital veterinary practice: <\/strong>Filu aims to become the leading provider of pet care in Germany. Founded in 2022, the three founders Anna Magdalena (Lena) Naderer (CVO), Christian K\u00f6hler (CEO), and Justus Buchen (COO) have already raised \u20ac5.1 million in a seed round. <a href=\"\/en\/98718\/filu-7-questions\/\">What exactly the startup does and where Filu is headed? Find out in this interview.<\/a>. (Photo: Filu)<\/figcaption><\/figure>\n<\/div>","protected":false},"excerpt":{"rendered":"<p>The most important articles of the week in a photo gallery. So you can start the new week well-informed.<\/p>","protected":false},"author":24,"featured_media":57467,"comment_status":"closed","ping_status":"closed","sticky":false,"template":"","format":"standard","meta":{"_acf_changed":false,"footnotes":""},"categories":[1,5635],"tags":[3869],"acf":[],"yoast_head":"<!-- This site is optimized with the Yoast SEO plugin v26.1.1 - https:\/\/yoast.com\/wordpress\/plugins\/seo\/ -->\n<title>Weekly Wrap-up 10\/2024 - Munich Startup<\/title>\n<meta name=\"description\" content=\"Die wichtigsten Artikel der Woche in einer Fotostrecke. So startet Ihr bestens informiert in die neue Woche.\" \/>\n<meta name=\"robots\" content=\"index, follow, max-snippet:-1, max-image-preview:large, max-video-preview:-1\" \/>\n<link rel=\"canonical\" href=\"https:\/\/cms.munich-startup.net\/en\/98783\/weekly-wrap-up-10-2024\/\" \/>\n<link rel=\"next\" href=\"https:\/\/cms.munich-startup.net\/98783\/weekly-wrap-up-10-2024\/2\/\" \/>\n<meta property=\"og:locale\" content=\"en_US\" \/>\n<meta property=\"og:type\" content=\"article\" \/>\n<meta property=\"og:title\" content=\"Weekly Wrap-up 10\/2024 - Munich Startup\" \/>\n<meta property=\"og:description\" content=\"Die wichtigsten Artikel der Woche in einer Fotostrecke. So startet Ihr bestens informiert in die neue Woche.\" \/>\n<meta property=\"og:url\" content=\"https:\/\/cms.munich-startup.net\/en\/98783\/weekly-wrap-up-10-2024\/\" \/>\n<meta property=\"og:site_name\" content=\"Munich Startup\" \/>\n<meta property=\"article:publisher\" content=\"https:\/\/www.facebook.com\/munichstartup\/\" \/>\n<meta property=\"article:published_time\" content=\"2024-03-17T07:30:00+00:00\" \/>\n<meta name=\"author\" content=\"Regina Bruckschl\u00f6gl\" \/>\n<meta name=\"twitter:card\" content=\"summary_large_image\" \/>\n<meta name=\"twitter:creator\" content=\"@munich_startup\" \/>\n<meta name=\"twitter:site\" content=\"@munich_startup\" \/>\n<meta name=\"twitter:label1\" content=\"Written by\" \/>\n\t<meta name=\"twitter:data1\" content=\"Regina Bruckschl\u00f6gl\" \/>\n\t<meta name=\"twitter:label2\" content=\"Est. reading time\" \/>\n\t<meta name=\"twitter:data2\" content=\"3 minutes\" \/>\n<script type=\"application\/ld+json\" class=\"yoast-schema-graph\">{\"@context\":\"https:\/\/schema.org\",\"@graph\":[{\"@type\":\"WebPage\",\"@id\":\"https:\/\/cms.munich-startup.net\/98783\/weekly-wrap-up-10-2024\/\",\"url\":\"https:\/\/cms.munich-startup.net\/98783\/weekly-wrap-up-10-2024\/\",\"name\":\"Weekly Wrap-up 10\/2024 - Munich Startup\",\"isPartOf\":{\"@id\":\"https:\/\/cms.munich-startup.net\/#website\"},\"primaryImageOfPage\":{\"@id\":\"https:\/\/cms.munich-startup.net\/98783\/weekly-wrap-up-10-2024\/#primaryimage\"},\"image\":{\"@id\":\"https:\/\/cms.munich-startup.net\/98783\/weekly-wrap-up-10-2024\/#primaryimage\"},\"thumbnailUrl\":\"https:\/\/cms.munich-startup.net\/wp-content\/uploads\/2020\/02\/Weekly-Wrap-up-III-e1581596407372.jpg\",\"datePublished\":\"2024-03-17T07:30:00+00:00\",\"author\":{\"@id\":\"https:\/\/cms.munich-startup.net\/#\/schema\/person\/4733256eff8ed883081bf4d616fa784f\"},\"description\":\"Die wichtigsten Artikel der Woche in einer Fotostrecke. So startet Ihr bestens informiert in die neue Woche.\",\"inLanguage\":\"en-US\",\"potentialAction\":[{\"@type\":\"ReadAction\",\"target\":[\"https:\/\/cms.munich-startup.net\/98783\/weekly-wrap-up-10-2024\/\"]}]},{\"@type\":\"ImageObject\",\"inLanguage\":\"en-US\",\"@id\":\"https:\/\/cms.munich-startup.net\/98783\/weekly-wrap-up-10-2024\/#primaryimage\",\"url\":\"https:\/\/cms.munich-startup.net\/wp-content\/uploads\/2020\/02\/Weekly-Wrap-up-III-e1581596407372.jpg\",\"contentUrl\":\"https:\/\/cms.munich-startup.net\/wp-content\/uploads\/2020\/02\/Weekly-Wrap-up-III-e1581596407372.jpg\",\"width\":1890,\"height\":1162,\"caption\":\"Weekly Wrap-up\"},{\"@type\":\"WebSite\",\"@id\":\"https:\/\/cms.munich-startup.net\/#website\",\"url\":\"https:\/\/cms.munich-startup.net\/\",\"name\":\"Munich Startup\",\"description\":\"Das offizielle Startup-Portal f\u00fcr M\u00fcnchen\",\"potentialAction\":[{\"@type\":\"SearchAction\",\"target\":{\"@type\":\"EntryPoint\",\"urlTemplate\":\"https:\/\/cms.munich-startup.net\/?s={search_term_string}\"},\"query-input\":{\"@type\":\"PropertyValueSpecification\",\"valueRequired\":true,\"valueName\":\"search_term_string\"}}],\"inLanguage\":\"en-US\"},{\"@type\":\"Person\",\"@id\":\"https:\/\/cms.munich-startup.net\/#\/schema\/person\/4733256eff8ed883081bf4d616fa784f\",\"name\":\"Regina Bruckschl\u00f6gl\",\"image\":{\"@type\":\"ImageObject\",\"inLanguage\":\"en-US\",\"@id\":\"https:\/\/cms.munich-startup.net\/#\/schema\/person\/image\/\",\"url\":\"https:\/\/secure.gravatar.com\/avatar\/b783cd1e1497db1e22684a06f3369381?s=96&d=blank&r=g\",\"contentUrl\":\"https:\/\/secure.gravatar.com\/avatar\/b783cd1e1497db1e22684a06f3369381?s=96&d=blank&r=g\",\"caption\":\"Regina Bruckschl\u00f6gl\"},\"description\":\"Nach eigenen Startup-Erfahrungen blickt sie als Redakteurin von Munich Startup nun aus einer anderen Perspektive auf die M\u00fcnchner Startup-Szene \u2013 und entdeckt dabei jeden Tag, wie vielf\u00e4ltig das M\u00fcnchner \u00d6kosystem ist. Startup Stories, die erz\u00e4hlt werden wollen!\",\"sameAs\":[\"https:\/\/cms.munich-startup.net\"],\"url\":\"https:\/\/cms.munich-startup.net\/en\/author\/regina\/\"}]}<\/script>\n<meta property=\"og:image\" content=\"https:\/\/cms.munich-startup.net\/en\/wp-content\/uploads\/2020\/02\/Weekly-Wrap-up-III-e1581596407372.jpg\" \/>\n\t<meta property=\"og:image:width\" content=\"1890\" \/>\n\t<meta property=\"og:image:height\" content=\"1162\" \/>\n\t<meta property=\"og:image:type\" content=\"image\/jpeg\" \/>\n<!-- \/ Yoast SEO plugin. -->","yoast_head_json":{"title":"Weekly Wrap-up 10\/2024 - Munich Startup","description":"The most important articles of the week in a photo gallery. So you can start the new week well-informed.","robots":{"index":"index","follow":"follow","max-snippet":"max-snippet:-1","max-image-preview":"max-image-preview:large","max-video-preview":"max-video-preview:-1"},"canonical":"https:\/\/cms.munich-startup.net\/en\/98783\/weekly-wrap-up-10-2024\/","next":"https:\/\/cms.munich-startup.net\/98783\/weekly-wrap-up-10-2024\/2\/","og_locale":"en_US","og_type":"article","og_title":"Weekly Wrap-up 10\/2024 - Munich Startup","og_description":"Die wichtigsten Artikel der Woche in einer Fotostrecke. So startet Ihr bestens informiert in die neue Woche.","og_url":"https:\/\/cms.munich-startup.net\/en\/98783\/weekly-wrap-up-10-2024\/","og_site_name":"Munich Startup","article_publisher":"https:\/\/www.facebook.com\/munichstartup\/","article_published_time":"2024-03-17T07:30:00+00:00","author":"Regina Bruckschl\u00f6gl","twitter_card":"summary_large_image","twitter_creator":"@munich_startup","twitter_site":"@munich_startup","twitter_misc":{"Written by":"Regina Bruckschl\u00f6gl","Est. reading time":"3 minutes"},"schema":{"@context":"https:\/\/schema.org","@graph":[{"@type":"WebPage","@id":"https:\/\/cms.munich-startup.net\/98783\/weekly-wrap-up-10-2024\/","url":"https:\/\/cms.munich-startup.net\/98783\/weekly-wrap-up-10-2024\/","name":"Weekly Wrap-up 10\/2024 - Munich Startup","isPartOf":{"@id":"https:\/\/cms.munich-startup.net\/#website"},"primaryImageOfPage":{"@id":"https:\/\/cms.munich-startup.net\/98783\/weekly-wrap-up-10-2024\/#primaryimage"},"image":{"@id":"https:\/\/cms.munich-startup.net\/98783\/weekly-wrap-up-10-2024\/#primaryimage"},"thumbnailUrl":"https:\/\/cms.munich-startup.net\/wp-content\/uploads\/2020\/02\/Weekly-Wrap-up-III-e1581596407372.jpg","datePublished":"2024-03-17T07:30:00+00:00","author":{"@id":"https:\/\/cms.munich-startup.net\/#\/schema\/person\/4733256eff8ed883081bf4d616fa784f"},"description":"The most important articles of the week in a photo gallery. So you can start the new week well-informed.","inLanguage":"en-US","potentialAction":[{"@type":"ReadAction","target":["https:\/\/cms.munich-startup.net\/98783\/weekly-wrap-up-10-2024\/"]}]},{"@type":"ImageObject","inLanguage":"en-US","@id":"https:\/\/cms.munich-startup.net\/98783\/weekly-wrap-up-10-2024\/#primaryimage","url":"https:\/\/cms.munich-startup.net\/wp-content\/uploads\/2020\/02\/Weekly-Wrap-up-III-e1581596407372.jpg","contentUrl":"https:\/\/cms.munich-startup.net\/wp-content\/uploads\/2020\/02\/Weekly-Wrap-up-III-e1581596407372.jpg","width":1890,"height":1162,"caption":"Weekly Wrap-up"},{"@type":"WebSite","@id":"https:\/\/cms.munich-startup.net\/#website","url":"https:\/\/cms.munich-startup.net\/","name":"Munich Startup","description":"The official startup portal for Munich","potentialAction":[{"@type":"SearchAction","target":{"@type":"EntryPoint","urlTemplate":"https:\/\/cms.munich-startup.net\/?s={search_term_string}"},"query-input":{"@type":"PropertyValueSpecification","valueRequired":true,"valueName":"search_term_string"}}],"inLanguage":"en-US"},{"@type":"Person","@id":"https:\/\/cms.munich-startup.net\/#\/schema\/person\/4733256eff8ed883081bf4d616fa784f","name":"Regina Bruckschl\u00f6gl","image":{"@type":"ImageObject","inLanguage":"en-US","@id":"https:\/\/cms.munich-startup.net\/#\/schema\/person\/image\/","url":"https:\/\/secure.gravatar.com\/avatar\/b783cd1e1497db1e22684a06f3369381?s=96&d=blank&r=g","contentUrl":"https:\/\/secure.gravatar.com\/avatar\/b783cd1e1497db1e22684a06f3369381?s=96&d=blank&r=g","caption":"Regina Bruckschl\u00f6gl"},"description":"After her own startup experiences, she now looks at the Munich startup scene from a different perspective as an editor at Munich Startup \u2013 and discovers every day how diverse the Munich ecosystem is. Startup stories that beg to be told!","sameAs":["https:\/\/cms.munich-startup.net"],"url":"https:\/\/cms.munich-startup.net\/en\/author\/regina\/"}]},"og_image":[{"width":1890,"height":1162,"url":"https:\/\/cms.munich-startup.net\/wp-content\/uploads\/2020\/02\/Weekly-Wrap-up-III-e1581596407372.jpg","type":"image\/jpeg"}]},"_showyear":"","_inactive":"","_show_financing":"","_hide_on_map":"","_edit_lock":"1710499123:33","_edit_last":"33","_yoast_wpseo_focuskw":"Weekly Wrap-up","_yoast_wpseo_metadesc":"Die wichtigsten Artikel der Woche in einer Fotostrecke. So startet Ihr bestens informiert in die neue Woche.","_yoast_wpseo_linkdex":"47","_thumbnail_id":"57467","wbounce_status":"default","_yoast_wpseo_primary_category":"5635","_yoast_wpseo_focuskw_text_input":"","_yoast_wpseo_content_score":"30","ms_image_format":"hide","_ms_image_format":"field_5cb8587572c8b","ms_dachzeile":"","_ms_dachzeile":"field_5cd9b7f365df5","ms_bump_post_date":"","_ms_bump_post_date":"field_5d1341edcf42a","guest_author_name":"","_guest_author_name":"field_5cee78a6016f9","guest_author_image":"","_guest_author_image":"field_5cee7914016fb","guest_author_description":"","_guest_author_description":"field_5cee78dd016fa","ms_post_image_caption":"","_ms_post_image_caption":"field_5f735b0735284","ms_post_image_credit":"","_ms_post_image_credit":"field_5f735b1435285","suppress_startupbox":"1","_suppress_startupbox":"field_60a64b0b6efc6","_yoast_wpseo_estimated-reading-time-minutes":"3","_wp_old_date":"","_yoast_wpseo_title":"","_yoast_wpseo_wordproof_timestamp":"","footnotes":"","easy_language_simplification_original_id":"","easy_language_source_language":"","easy_language_simplification_language":"","easy_language_api":"","easy_language_prevent_automatic_mode":"","_wp_old_slug":"","_wp_trash_meta_status":"","_wp_trash_meta_time":"","easy_language_simplification_state_changed_from":"","easy_language_de_EL_changed":"","ms_competition_deadline":"","_ms_competition_deadline":"","_wpbitly":"","enclosure":"","_yoast_wpseo_meta-robots-noindex":"","_yoast_wpseo_meta-robots-nofollow":"","wbounce_template":"","wbounce_title":"","wbounce_text":"","wbounce_cta":"","wbounce_url":"","wbounce_override":"","_yoast_wpseo_opengraph-title":"","_yoast_wpseo_opengraph-description":"","_oembed_7131efca3705e16bd9da2c41df237660":"","_oembed_time_7131efca3705e16bd9da2c41df237660":"","_pprredirect_type":"","_pprredirect_url":"","_yoast_wpseo_opengraph-image":"","_yoast_wpseo_opengraph-image-id":"","_newsletterglue":"","easy_language_text_language":"","_wp_desired_post_slug":"","_relevanssi_noindex_reason":"","_links":{"self":[{"href":"https:\/\/cms.munich-startup.net\/en\/wp-json\/wp\/v2\/posts\/98783"}],"collection":[{"href":"https:\/\/cms.munich-startup.net\/en\/wp-json\/wp\/v2\/posts"}],"about":[{"href":"https:\/\/cms.munich-startup.net\/en\/wp-json\/wp\/v2\/types\/post"}],"author":[{"embeddable":true,"href":"https:\/\/cms.munich-startup.net\/en\/wp-json\/wp\/v2\/users\/24"}],"replies":[{"embeddable":true,"href":"https:\/\/cms.munich-startup.net\/en\/wp-json\/wp\/v2\/comments?post=98783"}],"version-history":[{"count":5,"href":"https:\/\/cms.munich-startup.net\/en\/wp-json\/wp\/v2\/posts\/98783\/revisions"}],"predecessor-version":[{"id":98808,"href":"https:\/\/cms.munich-startup.net\/en\/wp-json\/wp\/v2\/posts\/98783\/revisions\/98808"}],"wp:featuredmedia":[{"embeddable":true,"href":"https:\/\/cms.munich-startup.net\/en\/wp-json\/wp\/v2\/media\/57467"}],"wp:attachment":[{"href":"https:\/\/cms.munich-startup.net\/en\/wp-json\/wp\/v2\/media?parent=98783"}],"wp:term":[{"taxonomy":"category","embeddable":true,"href":"https:\/\/cms.munich-startup.net\/en\/wp-json\/wp\/v2\/categories?post=98783"},{"taxonomy":"post_tag","embeddable":true,"href":"https:\/\/cms.munich-startup.net\/en\/wp-json\/wp\/v2\/tags?post=98783"}],"curies":[{"name":"wp","href":"https:\/\/api.w.org\/{rel}","templated":true}]}}