{"id":98570,"date":"2024-03-10T08:30:00","date_gmt":"2024-03-10T07:30:00","guid":{"rendered":"https:\/\/cms.munich-startup.net\/?p=98570"},"modified":"2024-03-07T17:28:59","modified_gmt":"2024-03-07T16:28:59","slug":"weekly-wrap-up-9-2024","status":"publish","type":"post","link":"https:\/\/cms.munich-startup.net\/en\/98570\/weekly-wrap-up-9-2024\/","title":{"rendered":"Weekly Wrap-up 9\/2024"},"content":{"rendered":"<div class=\"entry-content\">\n<figure class=\"wp-block-image size-large\"><a href=\"\/en\/98393\/bavest-location-munich-interview\/\"><img decoding=\"async\" width=\"1200\" height=\"735\" src=\"https:\/\/cms.munich-startup.net\/wp-content\/uploads\/2024\/03\/bavest-founders-1-1200x735.jpg\" alt=\"Bavest\" class=\"wp-image-98405\" srcset=\"https:\/\/cms.munich-startup.net\/wp-content\/uploads\/2024\/03\/bavest-founders-1-1200x735.jpg 1200w, https:\/\/cms.munich-startup.net\/wp-content\/uploads\/2024\/03\/bavest-founders-1-600x368.jpg 600w, https:\/\/cms.munich-startup.net\/wp-content\/uploads\/2024\/03\/bavest-founders-1-768x471.jpg 768w, https:\/\/cms.munich-startup.net\/wp-content\/uploads\/2024\/03\/bavest-founders-1-1536x941.jpg 1536w, https:\/\/cms.munich-startup.net\/wp-content\/uploads\/2024\/03\/bavest-founders-1-880x539.jpg 880w, https:\/\/cms.munich-startup.net\/wp-content\/uploads\/2024\/03\/bavest-founders-1-440x270.jpg 440w, https:\/\/cms.munich-startup.net\/wp-content\/uploads\/2024\/03\/bavest-founders-1.jpg 1661w\" sizes=\"(max-width: 1200px) 100vw, 1200px\" \/><\/a><figcaption><strong>\u201cMunich is known for its strong tech scene\u201d: <\/strong>The fintech Bavest, founded in 2019, has now opened a location in Munich in addition to its headquarters in Frankfurt. <a href=\"\/en\/98393\/bavest-location-munich-interview\/\">One of the founders introduces the company and reports<\/a>, why the Bavarian capital was chosen for a second location. (Photo: Bavest)<\/figcaption><\/figure>\n\n\n\n<!--nextpage-->\n\n\n\n<figure class=\"wp-block-image size-large is-resized\"><a href=\"\/en\/98409\/women-in-tech-kira-schilling\/\"><img decoding=\"async\" src=\"https:\/\/cms.munich-startup.net\/wp-content\/uploads\/2024\/03\/Kira-Portrait-1200x800.jpg\" alt=\"Kira Schilling My Event Pass\" class=\"wp-image-98455\" width=\"840\" height=\"560\" srcset=\"https:\/\/cms.munich-startup.net\/wp-content\/uploads\/2024\/03\/Kira-Portrait-1200x800.jpg 1200w, https:\/\/cms.munich-startup.net\/wp-content\/uploads\/2024\/03\/Kira-Portrait-600x400.jpg 600w, https:\/\/cms.munich-startup.net\/wp-content\/uploads\/2024\/03\/Kira-Portrait-768x512.jpg 768w, https:\/\/cms.munich-startup.net\/wp-content\/uploads\/2024\/03\/Kira-Portrait-1536x1024.jpg 1536w, https:\/\/cms.munich-startup.net\/wp-content\/uploads\/2024\/03\/Kira-Portrait-880x587.jpg 880w, https:\/\/cms.munich-startup.net\/wp-content\/uploads\/2024\/03\/Kira-Portrait-440x293.jpg 440w, https:\/\/cms.munich-startup.net\/wp-content\/uploads\/2024\/03\/Kira-Portrait.jpg 2000w\" sizes=\"(max-width: 840px) 100vw, 840px\" \/><\/a><figcaption><strong>Women in Tech with Kira Schilling:<\/strong> My Event Pass revolutionizes access to cultural events in the city by offering access to cinemas, concerts, theaters, and museums \u2013 all in one simple culture subscription. My Event Pass is currently available in Munich, with over 2,200 events and more than 440 locations. <a href=\"\/en\/98409\/women-in-tech-kira-schilling\/\">Kira Schilling founded the startup together with Andreas Schr\u00f6der and Ren\u00e9 Preusser in 2020<\/a>However, due to the pandemic, it didn&#039;t really get started until 2023. (Photo: My Event Pass)<\/figcaption><\/figure>\n\n\n\n<!--nextpage-->\n\n\n\n<figure class=\"wp-block-image size-large\"><a href=\"\/en\/98471\/the-munich-startup-festival-enters-its-second-round\/\"><img decoding=\"async\" width=\"1200\" height=\"800\" src=\"https:\/\/cms.munich-startup.net\/wp-content\/uploads\/2023\/07\/DSC06795-1200x800.jpg\" alt=\"Munich Startup Festival\" class=\"wp-image-92987\" srcset=\"https:\/\/cms.munich-startup.net\/wp-content\/uploads\/2023\/07\/DSC06795-1200x800.jpg 1200w, https:\/\/cms.munich-startup.net\/wp-content\/uploads\/2023\/07\/DSC06795-600x400.jpg 600w, https:\/\/cms.munich-startup.net\/wp-content\/uploads\/2023\/07\/DSC06795-768x512.jpg 768w, https:\/\/cms.munich-startup.net\/wp-content\/uploads\/2023\/07\/DSC06795-1536x1024.jpg 1536w, https:\/\/cms.munich-startup.net\/wp-content\/uploads\/2023\/07\/DSC06795-2048x1365.jpg 2048w, https:\/\/cms.munich-startup.net\/wp-content\/uploads\/2023\/07\/DSC06795-880x587.jpg 880w, https:\/\/cms.munich-startup.net\/wp-content\/uploads\/2023\/07\/DSC06795-440x293.jpg 440w\" sizes=\"(max-width: 1200px) 100vw, 1200px\" \/><\/a><figcaption><strong>The Munich Startup Festival is entering its second round: <\/strong>On July 17, the Munich Startup Festival will once again feature Munich unicorns, founders, and well-known figures from the scene. For an entire day, the Munich startup scene will once again be the focus of attention at Backstage Munich. <a href=\"\/en\/98471\/the-munich-startup-festival-enters-its-second-round\/\">Tickets are available now<\/a>. (Photo: Aaron Karasek \/ Munich Startup)<\/figcaption><\/figure>\n\n\n\n<!--nextpage-->\n\n\n\n<figure class=\"wp-block-image size-large\"><a href=\"\/en\/98556\/relevo-takeover-of-duni-group\/\"><img decoding=\"async\" width=\"1063\" height=\"709\" src=\"https:\/\/cms.munich-startup.net\/wp-content\/uploads\/2024\/03\/Relevo_Mehrweggeschirr_72dpi.jpg\" alt=\"Relevance\" class=\"wp-image-98558\" srcset=\"https:\/\/cms.munich-startup.net\/wp-content\/uploads\/2024\/03\/Relevo_Mehrweggeschirr_72dpi.jpg 1063w, https:\/\/cms.munich-startup.net\/wp-content\/uploads\/2024\/03\/Relevo_Mehrweggeschirr_72dpi-600x400.jpg 600w, https:\/\/cms.munich-startup.net\/wp-content\/uploads\/2024\/03\/Relevo_Mehrweggeschirr_72dpi-768x512.jpg 768w, https:\/\/cms.munich-startup.net\/wp-content\/uploads\/2024\/03\/Relevo_Mehrweggeschirr_72dpi-880x587.jpg 880w, https:\/\/cms.munich-startup.net\/wp-content\/uploads\/2024\/03\/Relevo_Mehrweggeschirr_72dpi-440x293.jpg 440w\" sizes=\"(max-width: 1063px) 100vw, 1063px\" \/><\/a><figcaption><strong>Relevo is now part of the Duni Group: <\/strong><a href=\"\/en\/98556\/relevo-takeover-of-duni-group\/\">The Munich-based reusable start-up Relevo is now part of the Swedish Duni Group<\/a>Through this transaction, Relevo aims to strengthen its market position and prepare for future developments. (Photo: Relevo)<\/figcaption><\/figure>\n\n\n\n<!--nextpage-->\n\n\n\n<figure class=\"wp-block-image size-large\"><a href=\"\/en\/98534\/female-founders-women-in-tech\/\"><img decoding=\"async\" width=\"1200\" height=\"800\" src=\"https:\/\/cms.munich-startup.net\/wp-content\/uploads\/2024\/03\/0002-2022-03-03-ExoMatter-\u00a9-Team-Schnurrbart-2022-1200x800-1.jpg\" alt=\"Barbara Pr\u00e4hofer exomatter Women in Tech\" class=\"wp-image-98536\" srcset=\"https:\/\/cms.munich-startup.net\/wp-content\/uploads\/2024\/03\/0002-2022-03-03-ExoMatter-\u00a9-Team-Schnurrbart-2022-1200x800-1.jpg 1200w, https:\/\/cms.munich-startup.net\/wp-content\/uploads\/2024\/03\/0002-2022-03-03-ExoMatter-\u00a9-Team-Schnurrbart-2022-1200x800-1-600x400.jpg 600w, https:\/\/cms.munich-startup.net\/wp-content\/uploads\/2024\/03\/0002-2022-03-03-ExoMatter-\u00a9-Team-Schnurrbart-2022-1200x800-1-768x512.jpg 768w, https:\/\/cms.munich-startup.net\/wp-content\/uploads\/2024\/03\/0002-2022-03-03-ExoMatter-\u00a9-Team-Schnurrbart-2022-1200x800-1-880x587.jpg 880w, https:\/\/cms.munich-startup.net\/wp-content\/uploads\/2024\/03\/0002-2022-03-03-ExoMatter-\u00a9-Team-Schnurrbart-2022-1200x800-1-440x293.jpg 440w\" sizes=\"(max-width: 1200px) 100vw, 1200px\" \/><\/a><figcaption><strong>You must know these 5 Munich female founders: <\/strong>In our interview series &#039;Women in Tech,&#039; we introduce female founders from the Munich startup scene. What would they have liked to know before starting their first company, how has their company been financed so far, and what motivated them to start a business in the first place? <a href=\"\/en\/98534\/female-founders-women-in-tech\/\">We present to you five of the founders who have asked themselves these questions on International Women\u2019s Day<\/a>You can find many more female founders and investors in the &#039;Women in Tech&#039; category. (Photo: Exomatter\/ Team Schnurrbart)<\/figcaption><\/figure>\n<\/div>","protected":false},"excerpt":{"rendered":"<p>The most important articles of the week in a photo gallery. So you can start the new week well-informed.<\/p>","protected":false},"author":24,"featured_media":57467,"comment_status":"closed","ping_status":"closed","sticky":false,"template":"","format":"standard","meta":{"_acf_changed":false,"footnotes":""},"categories":[1,5635],"tags":[3869],"acf":[],"yoast_head":"<!-- This site is optimized with the Yoast SEO plugin v26.1.1 - https:\/\/yoast.com\/wordpress\/plugins\/seo\/ -->\n<title>Weekly Wrap-up 9\/2024 - Munich Startup<\/title>\n<meta name=\"description\" content=\"Die wichtigsten Artikel der Woche in einer Fotostrecke. So startet Ihr bestens informiert in die neue Woche.\" \/>\n<meta name=\"robots\" content=\"index, follow, max-snippet:-1, max-image-preview:large, max-video-preview:-1\" \/>\n<link rel=\"canonical\" href=\"https:\/\/cms.munich-startup.net\/en\/98570\/weekly-wrap-up-9-2024\/\" \/>\n<link rel=\"next\" href=\"https:\/\/cms.munich-startup.net\/98570\/weekly-wrap-up-9-2024\/2\/\" \/>\n<meta property=\"og:locale\" content=\"en_US\" \/>\n<meta property=\"og:type\" content=\"article\" \/>\n<meta property=\"og:title\" content=\"Weekly Wrap-up 9\/2024 - Munich Startup\" \/>\n<meta property=\"og:description\" content=\"Die wichtigsten Artikel der Woche in einer Fotostrecke. So startet Ihr bestens informiert in die neue Woche.\" \/>\n<meta property=\"og:url\" content=\"https:\/\/cms.munich-startup.net\/en\/98570\/weekly-wrap-up-9-2024\/\" \/>\n<meta property=\"og:site_name\" content=\"Munich Startup\" \/>\n<meta property=\"article:publisher\" content=\"https:\/\/www.facebook.com\/munichstartup\/\" \/>\n<meta property=\"article:published_time\" content=\"2024-03-10T07:30:00+00:00\" \/>\n<meta name=\"author\" content=\"Regina Bruckschl\u00f6gl\" \/>\n<meta name=\"twitter:card\" content=\"summary_large_image\" \/>\n<meta name=\"twitter:creator\" content=\"@munich_startup\" \/>\n<meta name=\"twitter:site\" content=\"@munich_startup\" \/>\n<meta name=\"twitter:label1\" content=\"Written by\" \/>\n\t<meta name=\"twitter:data1\" content=\"Regina Bruckschl\u00f6gl\" \/>\n\t<meta name=\"twitter:label2\" content=\"Est. reading time\" \/>\n\t<meta name=\"twitter:data2\" content=\"3 minutes\" \/>\n<script type=\"application\/ld+json\" class=\"yoast-schema-graph\">{\"@context\":\"https:\/\/schema.org\",\"@graph\":[{\"@type\":\"WebPage\",\"@id\":\"https:\/\/cms.munich-startup.net\/98570\/weekly-wrap-up-9-2024\/\",\"url\":\"https:\/\/cms.munich-startup.net\/98570\/weekly-wrap-up-9-2024\/\",\"name\":\"Weekly Wrap-up 9\/2024 - Munich Startup\",\"isPartOf\":{\"@id\":\"https:\/\/cms.munich-startup.net\/#website\"},\"primaryImageOfPage\":{\"@id\":\"https:\/\/cms.munich-startup.net\/98570\/weekly-wrap-up-9-2024\/#primaryimage\"},\"image\":{\"@id\":\"https:\/\/cms.munich-startup.net\/98570\/weekly-wrap-up-9-2024\/#primaryimage\"},\"thumbnailUrl\":\"https:\/\/cms.munich-startup.net\/wp-content\/uploads\/2020\/02\/Weekly-Wrap-up-III-e1581596407372.jpg\",\"datePublished\":\"2024-03-10T07:30:00+00:00\",\"author\":{\"@id\":\"https:\/\/cms.munich-startup.net\/#\/schema\/person\/4733256eff8ed883081bf4d616fa784f\"},\"description\":\"Die wichtigsten Artikel der Woche in einer Fotostrecke. So startet Ihr bestens informiert in die neue Woche.\",\"inLanguage\":\"en-US\",\"potentialAction\":[{\"@type\":\"ReadAction\",\"target\":[\"https:\/\/cms.munich-startup.net\/98570\/weekly-wrap-up-9-2024\/\"]}]},{\"@type\":\"ImageObject\",\"inLanguage\":\"en-US\",\"@id\":\"https:\/\/cms.munich-startup.net\/98570\/weekly-wrap-up-9-2024\/#primaryimage\",\"url\":\"https:\/\/cms.munich-startup.net\/wp-content\/uploads\/2020\/02\/Weekly-Wrap-up-III-e1581596407372.jpg\",\"contentUrl\":\"https:\/\/cms.munich-startup.net\/wp-content\/uploads\/2020\/02\/Weekly-Wrap-up-III-e1581596407372.jpg\",\"width\":1890,\"height\":1162,\"caption\":\"Weekly Wrap-up\"},{\"@type\":\"WebSite\",\"@id\":\"https:\/\/cms.munich-startup.net\/#website\",\"url\":\"https:\/\/cms.munich-startup.net\/\",\"name\":\"Munich Startup\",\"description\":\"Das offizielle Startup-Portal f\u00fcr M\u00fcnchen\",\"potentialAction\":[{\"@type\":\"SearchAction\",\"target\":{\"@type\":\"EntryPoint\",\"urlTemplate\":\"https:\/\/cms.munich-startup.net\/?s={search_term_string}\"},\"query-input\":{\"@type\":\"PropertyValueSpecification\",\"valueRequired\":true,\"valueName\":\"search_term_string\"}}],\"inLanguage\":\"en-US\"},{\"@type\":\"Person\",\"@id\":\"https:\/\/cms.munich-startup.net\/#\/schema\/person\/4733256eff8ed883081bf4d616fa784f\",\"name\":\"Regina Bruckschl\u00f6gl\",\"image\":{\"@type\":\"ImageObject\",\"inLanguage\":\"en-US\",\"@id\":\"https:\/\/cms.munich-startup.net\/#\/schema\/person\/image\/\",\"url\":\"https:\/\/secure.gravatar.com\/avatar\/b783cd1e1497db1e22684a06f3369381?s=96&d=blank&r=g\",\"contentUrl\":\"https:\/\/secure.gravatar.com\/avatar\/b783cd1e1497db1e22684a06f3369381?s=96&d=blank&r=g\",\"caption\":\"Regina Bruckschl\u00f6gl\"},\"description\":\"Nach eigenen Startup-Erfahrungen blickt sie als Redakteurin von Munich Startup nun aus einer anderen Perspektive auf die M\u00fcnchner Startup-Szene \u2013 und entdeckt dabei jeden Tag, wie vielf\u00e4ltig das M\u00fcnchner \u00d6kosystem ist. Startup Stories, die erz\u00e4hlt werden wollen!\",\"sameAs\":[\"https:\/\/cms.munich-startup.net\"],\"url\":\"https:\/\/cms.munich-startup.net\/en\/author\/regina\/\"}]}<\/script>\n<meta property=\"og:image\" content=\"https:\/\/cms.munich-startup.net\/en\/wp-content\/uploads\/2020\/02\/Weekly-Wrap-up-III-e1581596407372.jpg\" \/>\n\t<meta property=\"og:image:width\" content=\"1890\" \/>\n\t<meta property=\"og:image:height\" content=\"1162\" \/>\n\t<meta property=\"og:image:type\" content=\"image\/jpeg\" \/>\n<!-- \/ Yoast SEO plugin. -->","yoast_head_json":{"title":"Weekly Wrap-up 9\/2024 - Munich Startup","description":"The most important articles of the week in a photo gallery. So you can start the new week well-informed.","robots":{"index":"index","follow":"follow","max-snippet":"max-snippet:-1","max-image-preview":"max-image-preview:large","max-video-preview":"max-video-preview:-1"},"canonical":"https:\/\/cms.munich-startup.net\/en\/98570\/weekly-wrap-up-9-2024\/","next":"https:\/\/cms.munich-startup.net\/98570\/weekly-wrap-up-9-2024\/2\/","og_locale":"en_US","og_type":"article","og_title":"Weekly Wrap-up 9\/2024 - Munich Startup","og_description":"Die wichtigsten Artikel der Woche in einer Fotostrecke. So startet Ihr bestens informiert in die neue Woche.","og_url":"https:\/\/cms.munich-startup.net\/en\/98570\/weekly-wrap-up-9-2024\/","og_site_name":"Munich Startup","article_publisher":"https:\/\/www.facebook.com\/munichstartup\/","article_published_time":"2024-03-10T07:30:00+00:00","author":"Regina Bruckschl\u00f6gl","twitter_card":"summary_large_image","twitter_creator":"@munich_startup","twitter_site":"@munich_startup","twitter_misc":{"Written by":"Regina Bruckschl\u00f6gl","Est. reading time":"3 minutes"},"schema":{"@context":"https:\/\/schema.org","@graph":[{"@type":"WebPage","@id":"https:\/\/cms.munich-startup.net\/98570\/weekly-wrap-up-9-2024\/","url":"https:\/\/cms.munich-startup.net\/98570\/weekly-wrap-up-9-2024\/","name":"Weekly Wrap-up 9\/2024 - Munich Startup","isPartOf":{"@id":"https:\/\/cms.munich-startup.net\/#website"},"primaryImageOfPage":{"@id":"https:\/\/cms.munich-startup.net\/98570\/weekly-wrap-up-9-2024\/#primaryimage"},"image":{"@id":"https:\/\/cms.munich-startup.net\/98570\/weekly-wrap-up-9-2024\/#primaryimage"},"thumbnailUrl":"https:\/\/cms.munich-startup.net\/wp-content\/uploads\/2020\/02\/Weekly-Wrap-up-III-e1581596407372.jpg","datePublished":"2024-03-10T07:30:00+00:00","author":{"@id":"https:\/\/cms.munich-startup.net\/#\/schema\/person\/4733256eff8ed883081bf4d616fa784f"},"description":"The most important articles of the week in a photo gallery. So you can start the new week well-informed.","inLanguage":"en-US","potentialAction":[{"@type":"ReadAction","target":["https:\/\/cms.munich-startup.net\/98570\/weekly-wrap-up-9-2024\/"]}]},{"@type":"ImageObject","inLanguage":"en-US","@id":"https:\/\/cms.munich-startup.net\/98570\/weekly-wrap-up-9-2024\/#primaryimage","url":"https:\/\/cms.munich-startup.net\/wp-content\/uploads\/2020\/02\/Weekly-Wrap-up-III-e1581596407372.jpg","contentUrl":"https:\/\/cms.munich-startup.net\/wp-content\/uploads\/2020\/02\/Weekly-Wrap-up-III-e1581596407372.jpg","width":1890,"height":1162,"caption":"Weekly Wrap-up"},{"@type":"WebSite","@id":"https:\/\/cms.munich-startup.net\/#website","url":"https:\/\/cms.munich-startup.net\/","name":"Munich Startup","description":"The official startup portal for Munich","potentialAction":[{"@type":"SearchAction","target":{"@type":"EntryPoint","urlTemplate":"https:\/\/cms.munich-startup.net\/?s={search_term_string}"},"query-input":{"@type":"PropertyValueSpecification","valueRequired":true,"valueName":"search_term_string"}}],"inLanguage":"en-US"},{"@type":"Person","@id":"https:\/\/cms.munich-startup.net\/#\/schema\/person\/4733256eff8ed883081bf4d616fa784f","name":"Regina Bruckschl\u00f6gl","image":{"@type":"ImageObject","inLanguage":"en-US","@id":"https:\/\/cms.munich-startup.net\/#\/schema\/person\/image\/","url":"https:\/\/secure.gravatar.com\/avatar\/b783cd1e1497db1e22684a06f3369381?s=96&d=blank&r=g","contentUrl":"https:\/\/secure.gravatar.com\/avatar\/b783cd1e1497db1e22684a06f3369381?s=96&d=blank&r=g","caption":"Regina Bruckschl\u00f6gl"},"description":"After her own startup experiences, she now looks at the Munich startup scene from a different perspective as an editor at Munich Startup \u2013 and discovers every day how diverse the Munich ecosystem is. Startup stories that beg to be told!","sameAs":["https:\/\/cms.munich-startup.net"],"url":"https:\/\/cms.munich-startup.net\/en\/author\/regina\/"}]},"og_image":[{"width":1890,"height":1162,"url":"https:\/\/cms.munich-startup.net\/wp-content\/uploads\/2020\/02\/Weekly-Wrap-up-III-e1581596407372.jpg","type":"image\/jpeg"}]},"_showyear":"","_inactive":"","_show_financing":"","_hide_on_map":"","_edit_lock":"1709828940:42","_edit_last":"42","_yoast_wpseo_focuskw":"Weekly Wrap-up","_yoast_wpseo_metadesc":"Die wichtigsten Artikel der Woche in einer Fotostrecke. So startet Ihr bestens informiert in die neue Woche.","_yoast_wpseo_linkdex":"49","_thumbnail_id":"57467","wbounce_status":"default","_yoast_wpseo_primary_category":"5635","_yoast_wpseo_focuskw_text_input":"","_yoast_wpseo_content_score":"30","ms_image_format":"hide","_ms_image_format":"field_5cb8587572c8b","ms_dachzeile":"","_ms_dachzeile":"field_5cd9b7f365df5","ms_bump_post_date":"","_ms_bump_post_date":"field_5d1341edcf42a","guest_author_name":"","_guest_author_name":"field_5cee78a6016f9","guest_author_image":"","_guest_author_image":"field_5cee7914016fb","guest_author_description":"","_guest_author_description":"field_5cee78dd016fa","ms_post_image_caption":"","_ms_post_image_caption":"field_5f735b0735284","ms_post_image_credit":"","_ms_post_image_credit":"field_5f735b1435285","suppress_startupbox":"1","_suppress_startupbox":"field_60a64b0b6efc6","_yoast_wpseo_estimated-reading-time-minutes":"3","_wp_old_date":"","_yoast_wpseo_title":"","_yoast_wpseo_wordproof_timestamp":"","footnotes":"","easy_language_simplification_original_id":"","easy_language_source_language":"","easy_language_simplification_language":"","easy_language_api":"","easy_language_prevent_automatic_mode":"","_wp_old_slug":"","_wp_trash_meta_status":"","_wp_trash_meta_time":"","easy_language_simplification_state_changed_from":"","easy_language_de_EL_changed":"","ms_competition_deadline":"","_ms_competition_deadline":"","_wpbitly":"","enclosure":"","_yoast_wpseo_meta-robots-noindex":"","_yoast_wpseo_meta-robots-nofollow":"","wbounce_template":"","wbounce_title":"","wbounce_text":"","wbounce_cta":"","wbounce_url":"","wbounce_override":"","_yoast_wpseo_opengraph-title":"","_yoast_wpseo_opengraph-description":"","_oembed_7131efca3705e16bd9da2c41df237660":"","_oembed_time_7131efca3705e16bd9da2c41df237660":"","_pprredirect_type":"","_pprredirect_url":"","_yoast_wpseo_opengraph-image":"","_yoast_wpseo_opengraph-image-id":"","_newsletterglue":"","easy_language_text_language":"","_wp_desired_post_slug":"","_relevanssi_noindex_reason":"","_links":{"self":[{"href":"https:\/\/cms.munich-startup.net\/en\/wp-json\/wp\/v2\/posts\/98570"}],"collection":[{"href":"https:\/\/cms.munich-startup.net\/en\/wp-json\/wp\/v2\/posts"}],"about":[{"href":"https:\/\/cms.munich-startup.net\/en\/wp-json\/wp\/v2\/types\/post"}],"author":[{"embeddable":true,"href":"https:\/\/cms.munich-startup.net\/en\/wp-json\/wp\/v2\/users\/24"}],"replies":[{"embeddable":true,"href":"https:\/\/cms.munich-startup.net\/en\/wp-json\/wp\/v2\/comments?post=98570"}],"version-history":[{"count":3,"href":"https:\/\/cms.munich-startup.net\/en\/wp-json\/wp\/v2\/posts\/98570\/revisions"}],"predecessor-version":[{"id":98582,"href":"https:\/\/cms.munich-startup.net\/en\/wp-json\/wp\/v2\/posts\/98570\/revisions\/98582"}],"wp:featuredmedia":[{"embeddable":true,"href":"https:\/\/cms.munich-startup.net\/en\/wp-json\/wp\/v2\/media\/57467"}],"wp:attachment":[{"href":"https:\/\/cms.munich-startup.net\/en\/wp-json\/wp\/v2\/media?parent=98570"}],"wp:term":[{"taxonomy":"category","embeddable":true,"href":"https:\/\/cms.munich-startup.net\/en\/wp-json\/wp\/v2\/categories?post=98570"},{"taxonomy":"post_tag","embeddable":true,"href":"https:\/\/cms.munich-startup.net\/en\/wp-json\/wp\/v2\/tags?post=98570"}],"curies":[{"name":"wp","href":"https:\/\/api.w.org\/{rel}","templated":true}]}}