{"id":97919,"date":"2024-02-11T08:30:00","date_gmt":"2024-02-11T07:30:00","guid":{"rendered":"https:\/\/cms.munich-startup.net\/?p=97919"},"modified":"2024-06-18T13:56:33","modified_gmt":"2024-06-18T11:56:33","slug":"weekly-wrap-up-5-2024","status":"publish","type":"post","link":"https:\/\/cms.munich-startup.net\/en\/97919\/weekly-wrap-up-5-2024\/","title":{"rendered":"Weekly Wrap-up 5\/2024"},"content":{"rendered":"<div class=\"entry-content\">\n<figure class=\"wp-block-image size-large\"><a href=\"\/en\/97871\/chief-executive-tobias-wagner-resigns-as-ceo\/\"><img decoding=\"async\" width=\"1200\" height=\"735\" src=\"https:\/\/cms.munich-startup.net\/wp-content\/uploads\/2024\/02\/Image_20240126_140148_605-2-1200x735.jpg\" alt=\"Chargex\" class=\"wp-image-97872\" srcset=\"https:\/\/cms.munich-startup.net\/wp-content\/uploads\/2024\/02\/Image_20240126_140148_605-2-1200x735.jpg 1200w, https:\/\/cms.munich-startup.net\/wp-content\/uploads\/2024\/02\/Image_20240126_140148_605-2-600x368.jpg 600w, https:\/\/cms.munich-startup.net\/wp-content\/uploads\/2024\/02\/Image_20240126_140148_605-2-768x471.jpg 768w, https:\/\/cms.munich-startup.net\/wp-content\/uploads\/2024\/02\/Image_20240126_140148_605-2-1536x941.jpg 1536w, https:\/\/cms.munich-startup.net\/wp-content\/uploads\/2024\/02\/Image_20240126_140148_605-2-880x539.jpg 880w, https:\/\/cms.munich-startup.net\/wp-content\/uploads\/2024\/02\/Image_20240126_140148_605-2-440x270.jpg 440w, https:\/\/cms.munich-startup.net\/wp-content\/uploads\/2024\/02\/Image_20240126_140148_605-2.jpg 2048w\" sizes=\"(max-width: 1200px) 100vw, 1200px\" \/><\/a><figcaption><strong>Tobias Wagner retires as CEO of Chargex: <\/strong>The Munich-based startup for charging infrastructure solutions <a href=\"\/en\/97871\/chief-executive-tobias-wagner-resigns-as-ceo\/\">Chargex gets a new CEO<\/a>: With Tobias Scharfen, the company has gained a specialist with relevant sales and scaling experience. The current CEO, co-founder Tobias Wagner, is stepping down at his own request. (Photo: Chargex)<\/figcaption><\/figure>\n\n\n\n<!--nextpage-->\n\n\n\n<figure class=\"wp-block-image size-large\"><a href=\"\/en\/97883\/flix-expansion-india\/\"><img decoding=\"async\" width=\"1200\" height=\"800\" src=\"https:\/\/cms.munich-startup.net\/wp-content\/uploads\/2024\/02\/flixbusstartetinindien-1-1200x800.jpg\" alt=\"\" class=\"wp-image-97922\" srcset=\"https:\/\/cms.munich-startup.net\/wp-content\/uploads\/2024\/02\/flixbusstartetinindien-1-1200x800.jpg 1200w, https:\/\/cms.munich-startup.net\/wp-content\/uploads\/2024\/02\/flixbusstartetinindien-1-600x400.jpg 600w, https:\/\/cms.munich-startup.net\/wp-content\/uploads\/2024\/02\/flixbusstartetinindien-1-768x512.jpg 768w, https:\/\/cms.munich-startup.net\/wp-content\/uploads\/2024\/02\/flixbusstartetinindien-1-1536x1024.jpg 1536w, https:\/\/cms.munich-startup.net\/wp-content\/uploads\/2024\/02\/flixbusstartetinindien-1-880x587.jpg 880w, https:\/\/cms.munich-startup.net\/wp-content\/uploads\/2024\/02\/flixbusstartetinindien-1-440x293.jpg 440w, https:\/\/cms.munich-startup.net\/wp-content\/uploads\/2024\/02\/flixbusstartetinindien-1.jpg 2000w\" sizes=\"(max-width: 1200px) 100vw, 1200px\" \/><\/a><figcaption>\u00a0<strong>Green Flix buses now also on the road in India: <\/strong>Flix is also operating in India starting this week. The Munich-based company&#039;s buses will now connect 46 cities on the subcontinent with more than 200 daily connections. Among other destinations, the green long-distance buses will serve Delhi, Ayodhya, Lucknow, Dehradun, Manali, and Jodhpur. Initially, the Flixbus will work with five local bus companies from Delhi. (Photo: Flix)<\/figcaption><\/figure>\n\n\n\n<!--nextpage-->\n\n\n\n<figure class=\"wp-block-image size-large\"><a href=\"\/en\/97846\/circular-economy-3\/\"><img decoding=\"async\" width=\"1200\" height=\"800\" src=\"https:\/\/cms.munich-startup.net\/wp-content\/uploads\/2024\/02\/02_creativ-hub-ruffinihaus-2023_5572_Michael-Nagy_Presseamt-Muenchen-1200x800.jpg\" alt=\"circular\" class=\"wp-image-97860\" srcset=\"https:\/\/cms.munich-startup.net\/wp-content\/uploads\/2024\/02\/02_creativ-hub-ruffinihaus-2023_5572_Michael-Nagy_Presseamt-Muenchen-1200x800.jpg 1200w, https:\/\/cms.munich-startup.net\/wp-content\/uploads\/2024\/02\/02_creativ-hub-ruffinihaus-2023_5572_Michael-Nagy_Presseamt-Muenchen-600x400.jpg 600w, https:\/\/cms.munich-startup.net\/wp-content\/uploads\/2024\/02\/02_creativ-hub-ruffinihaus-2023_5572_Michael-Nagy_Presseamt-Muenchen-768x512.jpg 768w, https:\/\/cms.munich-startup.net\/wp-content\/uploads\/2024\/02\/02_creativ-hub-ruffinihaus-2023_5572_Michael-Nagy_Presseamt-Muenchen-1536x1024.jpg 1536w, https:\/\/cms.munich-startup.net\/wp-content\/uploads\/2024\/02\/02_creativ-hub-ruffinihaus-2023_5572_Michael-Nagy_Presseamt-Muenchen-2048x1365.jpg 2048w, https:\/\/cms.munich-startup.net\/wp-content\/uploads\/2024\/02\/02_creativ-hub-ruffinihaus-2023_5572_Michael-Nagy_Presseamt-Muenchen-880x587.jpg 880w, https:\/\/cms.munich-startup.net\/wp-content\/uploads\/2024\/02\/02_creativ-hub-ruffinihaus-2023_5572_Michael-Nagy_Presseamt-Muenchen-440x293.jpg 440w\" sizes=\"(max-width: 1200px) 100vw, 1200px\" \/><\/a><figcaption><strong>&nbsp;Why circular economies will play a key role in the future<\/strong>Startups can benefit from integrating circular economy concepts into their business models. But what does this look like in practice? The cultural and creative industries are setting groundbreaking trends that deliver cross-sector impact. <a href=\"\/en\/97846\/circular-economy-3\/\">We conducted an interview with Susanne Mitterer, deputy head of the competence team for culture and creative industries in the state capital of Munich.<\/a>. (Photo: Michael Nagy, City of Munich)<\/figcaption><\/figure>\n\n\n\n<!--nextpage-->\n\n\n\n<figure class=\"wp-block-image size-large\"><a href=\"\/en\/97925\/upcoming-startups-in-january\/\"><img decoding=\"async\" width=\"1200\" height=\"583\" src=\"https:\/\/cms.munich-startup.net\/wp-content\/uploads\/2024\/01\/Mission-Monument-1200x583.jpg\" alt=\"\" class=\"wp-image-97292\" srcset=\"https:\/\/cms.munich-startup.net\/wp-content\/uploads\/2024\/01\/Mission-Monument-1200x583.jpg 1200w, https:\/\/cms.munich-startup.net\/wp-content\/uploads\/2024\/01\/Mission-Monument-600x291.jpg 600w, https:\/\/cms.munich-startup.net\/wp-content\/uploads\/2024\/01\/Mission-Monument-768x373.jpg 768w, https:\/\/cms.munich-startup.net\/wp-content\/uploads\/2024\/01\/Mission-Monument-880x427.jpg 880w, https:\/\/cms.munich-startup.net\/wp-content\/uploads\/2024\/01\/Mission-Monument-440x214.jpg 440w, https:\/\/cms.munich-startup.net\/wp-content\/uploads\/2024\/01\/Mission-Monument.jpg 1487w\" sizes=\"(max-width: 1200px) 100vw, 1200px\" \/><\/a><figcaption><strong>Upcoming startups in January: <\/strong>Which new startups are there in Munich? In the photo gallery you will find all <a href=\"\/en\/97925\/upcoming-startups-in-january\/\">Upcoming startups we featured in January<\/a>. (Photo: Mission Monument)<\/figcaption><\/figure>\n\n\n\n<!--nextpage-->\n\n\n\n<figure class=\"wp-block-image size-large\"><a href=\"\/en\/97952\/netzero-with-education-to-less-co2\/\"><img decoding=\"async\" width=\"799\" height=\"533\" src=\"https:\/\/cms.munich-startup.net\/wp-content\/uploads\/2024\/02\/230714_1E9.jpg\" alt=\"Netzero\" class=\"wp-image-97957\" srcset=\"https:\/\/cms.munich-startup.net\/wp-content\/uploads\/2024\/02\/230714_1E9.jpg 799w, https:\/\/cms.munich-startup.net\/wp-content\/uploads\/2024\/02\/230714_1E9-600x400.jpg 600w, https:\/\/cms.munich-startup.net\/wp-content\/uploads\/2024\/02\/230714_1E9-768x512.jpg 768w, https:\/\/cms.munich-startup.net\/wp-content\/uploads\/2024\/02\/230714_1E9-440x294.jpg 440w\" sizes=\"(max-width: 799px) 100vw, 799px\" \/><\/a><figcaption><strong>Less CO2 through education<\/strong>NetZero aims to advance the energy transition with its sustainability platform. With its academy, the startup not only provides training, but its affiliated community also supports its daily work. NetZero&#039;s vision is ambitious: Together with its graduates, they aim to achieve a reduction of 10 million tons of CO2 equivalents by 2027. This corresponds to the average emissions of around one million Germans per year. Managing Director and co-founder Johannes D\u00f6rr explains how the two founders are tackling this. <a href=\"\/en\/97952\/netzero-with-education-to-less-co2\/\">in the interview<\/a>. (Photo: NetZero)<\/figcaption><\/figure>\n<\/div>","protected":false},"excerpt":{"rendered":"<p>The most important articles of the week in a photo gallery. So you can start the new week well-informed.<\/p>","protected":false},"author":24,"featured_media":57467,"comment_status":"closed","ping_status":"closed","sticky":false,"template":"","format":"standard","meta":{"_acf_changed":false,"footnotes":""},"categories":[1,5635],"tags":[3869],"acf":[],"yoast_head":"<!-- This site is optimized with the Yoast SEO plugin v26.1.1 - https:\/\/yoast.com\/wordpress\/plugins\/seo\/ -->\n<title>Weekly Wrap-up 5\/2024 - Munich Startup<\/title>\n<meta name=\"description\" content=\"Die wichtigsten Artikel der Woche in einer Fotostrecke. So startet Ihr bestens informiert in die neue Woche.\" \/>\n<meta name=\"robots\" content=\"index, follow, max-snippet:-1, max-image-preview:large, max-video-preview:-1\" \/>\n<link rel=\"canonical\" href=\"https:\/\/cms.munich-startup.net\/en\/97919\/weekly-wrap-up-5-2024\/\" \/>\n<link rel=\"next\" href=\"https:\/\/cms.munich-startup.net\/97919\/weekly-wrap-up-5-2024\/2\/\" \/>\n<meta property=\"og:locale\" content=\"en_US\" \/>\n<meta property=\"og:type\" content=\"article\" \/>\n<meta property=\"og:title\" content=\"Weekly Wrap-up 5\/2024 - Munich Startup\" \/>\n<meta property=\"og:description\" content=\"Die wichtigsten Artikel der Woche in einer Fotostrecke. So startet Ihr bestens informiert in die neue Woche.\" \/>\n<meta property=\"og:url\" content=\"https:\/\/cms.munich-startup.net\/en\/97919\/weekly-wrap-up-5-2024\/\" \/>\n<meta property=\"og:site_name\" content=\"Munich Startup\" \/>\n<meta property=\"article:publisher\" content=\"https:\/\/www.facebook.com\/munichstartup\/\" \/>\n<meta property=\"article:published_time\" content=\"2024-02-11T07:30:00+00:00\" \/>\n<meta property=\"article:modified_time\" content=\"2024-06-18T11:56:33+00:00\" \/>\n<meta name=\"author\" content=\"Regina Bruckschl\u00f6gl\" \/>\n<meta name=\"twitter:card\" content=\"summary_large_image\" \/>\n<meta name=\"twitter:creator\" content=\"@munich_startup\" \/>\n<meta name=\"twitter:site\" content=\"@munich_startup\" \/>\n<meta name=\"twitter:label1\" content=\"Written by\" \/>\n\t<meta name=\"twitter:data1\" content=\"Regina Bruckschl\u00f6gl\" \/>\n\t<meta name=\"twitter:label2\" content=\"Est. reading time\" \/>\n\t<meta name=\"twitter:data2\" content=\"3 minutes\" \/>\n<script type=\"application\/ld+json\" class=\"yoast-schema-graph\">{\"@context\":\"https:\/\/schema.org\",\"@graph\":[{\"@type\":\"WebPage\",\"@id\":\"https:\/\/cms.munich-startup.net\/97919\/weekly-wrap-up-5-2024\/\",\"url\":\"https:\/\/cms.munich-startup.net\/97919\/weekly-wrap-up-5-2024\/\",\"name\":\"Weekly Wrap-up 5\/2024 - Munich Startup\",\"isPartOf\":{\"@id\":\"https:\/\/cms.munich-startup.net\/#website\"},\"primaryImageOfPage\":{\"@id\":\"https:\/\/cms.munich-startup.net\/97919\/weekly-wrap-up-5-2024\/#primaryimage\"},\"image\":{\"@id\":\"https:\/\/cms.munich-startup.net\/97919\/weekly-wrap-up-5-2024\/#primaryimage\"},\"thumbnailUrl\":\"https:\/\/cms.munich-startup.net\/wp-content\/uploads\/2020\/02\/Weekly-Wrap-up-III-e1581596407372.jpg\",\"datePublished\":\"2024-02-11T07:30:00+00:00\",\"dateModified\":\"2024-06-18T11:56:33+00:00\",\"author\":{\"@id\":\"https:\/\/cms.munich-startup.net\/#\/schema\/person\/4733256eff8ed883081bf4d616fa784f\"},\"description\":\"Die wichtigsten Artikel der Woche in einer Fotostrecke. So startet Ihr bestens informiert in die neue Woche.\",\"inLanguage\":\"en-US\",\"potentialAction\":[{\"@type\":\"ReadAction\",\"target\":[\"https:\/\/cms.munich-startup.net\/97919\/weekly-wrap-up-5-2024\/\"]}]},{\"@type\":\"ImageObject\",\"inLanguage\":\"en-US\",\"@id\":\"https:\/\/cms.munich-startup.net\/97919\/weekly-wrap-up-5-2024\/#primaryimage\",\"url\":\"https:\/\/cms.munich-startup.net\/wp-content\/uploads\/2020\/02\/Weekly-Wrap-up-III-e1581596407372.jpg\",\"contentUrl\":\"https:\/\/cms.munich-startup.net\/wp-content\/uploads\/2020\/02\/Weekly-Wrap-up-III-e1581596407372.jpg\",\"width\":1890,\"height\":1162,\"caption\":\"Weekly Wrap-up\"},{\"@type\":\"WebSite\",\"@id\":\"https:\/\/cms.munich-startup.net\/#website\",\"url\":\"https:\/\/cms.munich-startup.net\/\",\"name\":\"Munich Startup\",\"description\":\"Das offizielle Startup-Portal f\u00fcr M\u00fcnchen\",\"potentialAction\":[{\"@type\":\"SearchAction\",\"target\":{\"@type\":\"EntryPoint\",\"urlTemplate\":\"https:\/\/cms.munich-startup.net\/?s={search_term_string}\"},\"query-input\":{\"@type\":\"PropertyValueSpecification\",\"valueRequired\":true,\"valueName\":\"search_term_string\"}}],\"inLanguage\":\"en-US\"},{\"@type\":\"Person\",\"@id\":\"https:\/\/cms.munich-startup.net\/#\/schema\/person\/4733256eff8ed883081bf4d616fa784f\",\"name\":\"Regina Bruckschl\u00f6gl\",\"image\":{\"@type\":\"ImageObject\",\"inLanguage\":\"en-US\",\"@id\":\"https:\/\/cms.munich-startup.net\/#\/schema\/person\/image\/\",\"url\":\"https:\/\/secure.gravatar.com\/avatar\/b783cd1e1497db1e22684a06f3369381?s=96&d=blank&r=g\",\"contentUrl\":\"https:\/\/secure.gravatar.com\/avatar\/b783cd1e1497db1e22684a06f3369381?s=96&d=blank&r=g\",\"caption\":\"Regina Bruckschl\u00f6gl\"},\"description\":\"Nach eigenen Startup-Erfahrungen blickt sie als Redakteurin von Munich Startup nun aus einer anderen Perspektive auf die M\u00fcnchner Startup-Szene \u2013 und entdeckt dabei jeden Tag, wie vielf\u00e4ltig das M\u00fcnchner \u00d6kosystem ist. Startup Stories, die erz\u00e4hlt werden wollen!\",\"sameAs\":[\"https:\/\/cms.munich-startup.net\"],\"url\":\"https:\/\/cms.munich-startup.net\/en\/author\/regina\/\"}]}<\/script>\n<meta property=\"og:image\" content=\"https:\/\/cms.munich-startup.net\/en\/wp-content\/uploads\/2020\/02\/Weekly-Wrap-up-III-e1581596407372.jpg\" \/>\n\t<meta property=\"og:image:width\" content=\"1890\" \/>\n\t<meta property=\"og:image:height\" content=\"1162\" \/>\n\t<meta property=\"og:image:type\" content=\"image\/jpeg\" \/>\n<!-- \/ Yoast SEO plugin. -->","yoast_head_json":{"title":"Weekly Wrap-up 5\/2024 - Munich Startup","description":"The most important articles of the week in a photo gallery. So you can start the new week well-informed.","robots":{"index":"index","follow":"follow","max-snippet":"max-snippet:-1","max-image-preview":"max-image-preview:large","max-video-preview":"max-video-preview:-1"},"canonical":"https:\/\/cms.munich-startup.net\/en\/97919\/weekly-wrap-up-5-2024\/","next":"https:\/\/cms.munich-startup.net\/97919\/weekly-wrap-up-5-2024\/2\/","og_locale":"en_US","og_type":"article","og_title":"Weekly Wrap-up 5\/2024 - Munich Startup","og_description":"Die wichtigsten Artikel der Woche in einer Fotostrecke. So startet Ihr bestens informiert in die neue Woche.","og_url":"https:\/\/cms.munich-startup.net\/en\/97919\/weekly-wrap-up-5-2024\/","og_site_name":"Munich Startup","article_publisher":"https:\/\/www.facebook.com\/munichstartup\/","article_published_time":"2024-02-11T07:30:00+00:00","article_modified_time":"2024-06-18T11:56:33+00:00","author":"Regina Bruckschl\u00f6gl","twitter_card":"summary_large_image","twitter_creator":"@munich_startup","twitter_site":"@munich_startup","twitter_misc":{"Written by":"Regina Bruckschl\u00f6gl","Est. reading time":"3 minutes"},"schema":{"@context":"https:\/\/schema.org","@graph":[{"@type":"WebPage","@id":"https:\/\/cms.munich-startup.net\/97919\/weekly-wrap-up-5-2024\/","url":"https:\/\/cms.munich-startup.net\/97919\/weekly-wrap-up-5-2024\/","name":"Weekly Wrap-up 5\/2024 - Munich Startup","isPartOf":{"@id":"https:\/\/cms.munich-startup.net\/#website"},"primaryImageOfPage":{"@id":"https:\/\/cms.munich-startup.net\/97919\/weekly-wrap-up-5-2024\/#primaryimage"},"image":{"@id":"https:\/\/cms.munich-startup.net\/97919\/weekly-wrap-up-5-2024\/#primaryimage"},"thumbnailUrl":"https:\/\/cms.munich-startup.net\/wp-content\/uploads\/2020\/02\/Weekly-Wrap-up-III-e1581596407372.jpg","datePublished":"2024-02-11T07:30:00+00:00","dateModified":"2024-06-18T11:56:33+00:00","author":{"@id":"https:\/\/cms.munich-startup.net\/#\/schema\/person\/4733256eff8ed883081bf4d616fa784f"},"description":"The most important articles of the week in a photo gallery. So you can start the new week well-informed.","inLanguage":"en-US","potentialAction":[{"@type":"ReadAction","target":["https:\/\/cms.munich-startup.net\/97919\/weekly-wrap-up-5-2024\/"]}]},{"@type":"ImageObject","inLanguage":"en-US","@id":"https:\/\/cms.munich-startup.net\/97919\/weekly-wrap-up-5-2024\/#primaryimage","url":"https:\/\/cms.munich-startup.net\/wp-content\/uploads\/2020\/02\/Weekly-Wrap-up-III-e1581596407372.jpg","contentUrl":"https:\/\/cms.munich-startup.net\/wp-content\/uploads\/2020\/02\/Weekly-Wrap-up-III-e1581596407372.jpg","width":1890,"height":1162,"caption":"Weekly Wrap-up"},{"@type":"WebSite","@id":"https:\/\/cms.munich-startup.net\/#website","url":"https:\/\/cms.munich-startup.net\/","name":"Munich Startup","description":"The official startup portal for Munich","potentialAction":[{"@type":"SearchAction","target":{"@type":"EntryPoint","urlTemplate":"https:\/\/cms.munich-startup.net\/?s={search_term_string}"},"query-input":{"@type":"PropertyValueSpecification","valueRequired":true,"valueName":"search_term_string"}}],"inLanguage":"en-US"},{"@type":"Person","@id":"https:\/\/cms.munich-startup.net\/#\/schema\/person\/4733256eff8ed883081bf4d616fa784f","name":"Regina Bruckschl\u00f6gl","image":{"@type":"ImageObject","inLanguage":"en-US","@id":"https:\/\/cms.munich-startup.net\/#\/schema\/person\/image\/","url":"https:\/\/secure.gravatar.com\/avatar\/b783cd1e1497db1e22684a06f3369381?s=96&d=blank&r=g","contentUrl":"https:\/\/secure.gravatar.com\/avatar\/b783cd1e1497db1e22684a06f3369381?s=96&d=blank&r=g","caption":"Regina Bruckschl\u00f6gl"},"description":"After her own startup experiences, she now looks at the Munich startup scene from a different perspective as an editor at Munich Startup \u2013 and discovers every day how diverse the Munich ecosystem is. Startup stories that beg to be told!","sameAs":["https:\/\/cms.munich-startup.net"],"url":"https:\/\/cms.munich-startup.net\/en\/author\/regina\/"}]},"og_image":[{"width":1890,"height":1162,"url":"https:\/\/cms.munich-startup.net\/wp-content\/uploads\/2020\/02\/Weekly-Wrap-up-III-e1581596407372.jpg","type":"image\/jpeg"}]},"_showyear":"","_inactive":"","_show_financing":"","_hide_on_map":"","_edit_lock":"1707471854:33","_edit_last":"33","_yoast_wpseo_focuskw":"Weekly Wrap-up","_yoast_wpseo_metadesc":"Die wichtigsten Artikel der Woche in einer Fotostrecke. So startet Ihr bestens informiert in die neue Woche.","_yoast_wpseo_linkdex":"53","_thumbnail_id":"57467","wbounce_status":"default","_yoast_wpseo_primary_category":"5635","_yoast_wpseo_focuskw_text_input":"","_yoast_wpseo_content_score":"60","ms_image_format":"hide","_ms_image_format":"field_5cb8587572c8b","ms_dachzeile":"","_ms_dachzeile":"field_5cd9b7f365df5","ms_bump_post_date":"","_ms_bump_post_date":"field_5d1341edcf42a","guest_author_name":"","_guest_author_name":"field_5cee78a6016f9","guest_author_image":"","_guest_author_image":"field_5cee7914016fb","guest_author_description":"","_guest_author_description":"field_5cee78dd016fa","ms_post_image_caption":"","_ms_post_image_caption":"field_5f735b0735284","ms_post_image_credit":"","_ms_post_image_credit":"field_5f735b1435285","suppress_startupbox":"1","_suppress_startupbox":"field_60a64b0b6efc6","_yoast_wpseo_estimated-reading-time-minutes":"3","_wp_old_date":"","_yoast_wpseo_title":"","_yoast_wpseo_wordproof_timestamp":"","footnotes":"","easy_language_simplification_original_id":"","easy_language_source_language":"","easy_language_simplification_language":"","easy_language_api":"","easy_language_prevent_automatic_mode":"","_wp_old_slug":"","_wp_trash_meta_status":"","_wp_trash_meta_time":"","easy_language_simplification_state_changed_from":"","easy_language_de_EL_changed":"","ms_competition_deadline":"","_ms_competition_deadline":"","_wpbitly":"","enclosure":"","_yoast_wpseo_meta-robots-noindex":"","_yoast_wpseo_meta-robots-nofollow":"","wbounce_template":"","wbounce_title":"","wbounce_text":"","wbounce_cta":"","wbounce_url":"","wbounce_override":"","_yoast_wpseo_opengraph-title":"","_yoast_wpseo_opengraph-description":"","_oembed_7131efca3705e16bd9da2c41df237660":"","_oembed_time_7131efca3705e16bd9da2c41df237660":"","_pprredirect_type":"","_pprredirect_url":"","_yoast_wpseo_opengraph-image":"","_yoast_wpseo_opengraph-image-id":"","_newsletterglue":"","easy_language_text_language":"","_wp_desired_post_slug":"","_relevanssi_noindex_reason":"","_links":{"self":[{"href":"https:\/\/cms.munich-startup.net\/en\/wp-json\/wp\/v2\/posts\/97919"}],"collection":[{"href":"https:\/\/cms.munich-startup.net\/en\/wp-json\/wp\/v2\/posts"}],"about":[{"href":"https:\/\/cms.munich-startup.net\/en\/wp-json\/wp\/v2\/types\/post"}],"author":[{"embeddable":true,"href":"https:\/\/cms.munich-startup.net\/en\/wp-json\/wp\/v2\/users\/24"}],"replies":[{"embeddable":true,"href":"https:\/\/cms.munich-startup.net\/en\/wp-json\/wp\/v2\/comments?post=97919"}],"version-history":[{"count":4,"href":"https:\/\/cms.munich-startup.net\/en\/wp-json\/wp\/v2\/posts\/97919\/revisions"}],"predecessor-version":[{"id":97989,"href":"https:\/\/cms.munich-startup.net\/en\/wp-json\/wp\/v2\/posts\/97919\/revisions\/97989"}],"wp:featuredmedia":[{"embeddable":true,"href":"https:\/\/cms.munich-startup.net\/en\/wp-json\/wp\/v2\/media\/57467"}],"wp:attachment":[{"href":"https:\/\/cms.munich-startup.net\/en\/wp-json\/wp\/v2\/media?parent=97919"}],"wp:term":[{"taxonomy":"category","embeddable":true,"href":"https:\/\/cms.munich-startup.net\/en\/wp-json\/wp\/v2\/categories?post=97919"},{"taxonomy":"post_tag","embeddable":true,"href":"https:\/\/cms.munich-startup.net\/en\/wp-json\/wp\/v2\/tags?post=97919"}],"curies":[{"name":"wp","href":"https:\/\/api.w.org\/{rel}","templated":true}]}}