{"id":96571,"date":"2023-12-10T08:30:00","date_gmt":"2023-12-10T07:30:00","guid":{"rendered":"https:\/\/cms.munich-startup.net\/?p=96571"},"modified":"2023-12-08T14:52:39","modified_gmt":"2023-12-08T13:52:39","slug":"weekly-wrap-up-49-2023","status":"publish","type":"post","link":"https:\/\/cms.munich-startup.net\/en\/96571\/weekly-wrap-up-49-2023\/","title":{"rendered":"Weekly Wrap-up 49\/2023"},"content":{"rendered":"<div class=\"entry-content\">\n<figure class=\"wp-block-image size-large\"><a href=\"\/en\/96490\/7-questions-barista-royal\/\"><img decoding=\"async\" width=\"1200\" height=\"801\" src=\"https:\/\/cms.munich-startup.net\/wp-content\/uploads\/2023\/12\/Gruender-Barista-Royal-2-1200x801.jpg\" alt=\"Barista Royal\" class=\"wp-image-96491\" srcset=\"https:\/\/cms.munich-startup.net\/wp-content\/uploads\/2023\/12\/Gruender-Barista-Royal-2-1200x801.jpg 1200w, https:\/\/cms.munich-startup.net\/wp-content\/uploads\/2023\/12\/Gruender-Barista-Royal-2-600x400.jpg 600w, https:\/\/cms.munich-startup.net\/wp-content\/uploads\/2023\/12\/Gruender-Barista-Royal-2-768x512.jpg 768w, https:\/\/cms.munich-startup.net\/wp-content\/uploads\/2023\/12\/Gruender-Barista-Royal-2-1536x1025.jpg 1536w, https:\/\/cms.munich-startup.net\/wp-content\/uploads\/2023\/12\/Gruender-Barista-Royal-2-2048x1366.jpg 2048w, https:\/\/cms.munich-startup.net\/wp-content\/uploads\/2023\/12\/Gruender-Barista-Royal-2-880x587.jpg 880w, https:\/\/cms.munich-startup.net\/wp-content\/uploads\/2023\/12\/Gruender-Barista-Royal-2-440x294.jpg 440w\" sizes=\"(max-width: 1200px) 100vw, 1200px\" \/><\/a><figcaption><strong>Doing good with good coffee<\/strong>The coffee startup Barista Royal combines high-quality enjoyment from bean to roast with social responsibility. In keeping with the founders&#039; mission to create an inclusive work environment, the young company integrates people with disabilities into the production process. <a href=\"\/en\/96490\/7-questions-barista-royal\/\">A conversation about taste, diversity and social entrepreneurship<\/a>. (Photo: Barista Royal)<\/figcaption><\/figure>\n\n\n\n<!--nextpage-->\n\n\n\n<figure class=\"wp-block-image size-large\"><a href=\"\/en\/96062\/how-pwc-can-help-startups-scale\/\"><img decoding=\"async\" width=\"1200\" height=\"900\" src=\"https:\/\/cms.munich-startup.net\/wp-content\/uploads\/2023\/11\/Maresa_IMG_7325-1200x900.jpg\" alt=\"Maresa Schleich PwC\" class=\"wp-image-96332\" srcset=\"https:\/\/cms.munich-startup.net\/wp-content\/uploads\/2023\/11\/Maresa_IMG_7325-1200x900.jpg 1200w, https:\/\/cms.munich-startup.net\/wp-content\/uploads\/2023\/11\/Maresa_IMG_7325-600x450.jpg 600w, https:\/\/cms.munich-startup.net\/wp-content\/uploads\/2023\/11\/Maresa_IMG_7325-768x576.jpg 768w, https:\/\/cms.munich-startup.net\/wp-content\/uploads\/2023\/11\/Maresa_IMG_7325-1536x1152.jpg 1536w, https:\/\/cms.munich-startup.net\/wp-content\/uploads\/2023\/11\/Maresa_IMG_7325-2048x1536.jpg 2048w, https:\/\/cms.munich-startup.net\/wp-content\/uploads\/2023\/11\/Maresa_IMG_7325-880x660.jpg 880w, https:\/\/cms.munich-startup.net\/wp-content\/uploads\/2023\/11\/Maresa_IMG_7325-440x330.jpg 440w, https:\/\/cms.munich-startup.net\/wp-content\/uploads\/2023\/11\/Maresa_IMG_7325-800x600.jpg 800w, https:\/\/cms.munich-startup.net\/wp-content\/uploads\/2023\/11\/Maresa_IMG_7325-400x300.jpg 400w, https:\/\/cms.munich-startup.net\/wp-content\/uploads\/2023\/11\/Maresa_IMG_7325-200x150.jpg 200w\" sizes=\"(max-width: 1200px) 100vw, 1200px\" \/><\/a><figcaption><strong>How PwC can help startups scale:<\/strong> How do large consulting firms and startups fit together? Collaboration with a consulting firm like PwC can be particularly interesting for B2B startups. In addition to contacts with medium-sized companies and corporations as potential pilot clients, PwC also offers an accelerator to support startups in their growth phase with scaling. <a href=\"\/en\/96062\/how-pwc-can-help-startups-scale\/\">We spoke to Maresa Schleich, Innovation Ecosystem Lead for Southern Germany at PwC, and Florian N\u00f6ll, EMEA Startups, Scaleups &amp; Venturing Leader at PwC<\/a>. (Photo: PwC)<\/figcaption><\/figure>\n\n\n\n<!--nextpage-->\n\n\n\n<figure class=\"wp-block-image size-large\"><a href=\"\/en\/96563\/camperboys-rebranding\/\"><img decoding=\"async\" width=\"1200\" height=\"800\" src=\"https:\/\/cms.munich-startup.net\/wp-content\/uploads\/2023\/12\/Off_cAnaTorres_VW_California_1-1200x800.jpg\" alt=\"Off\" class=\"wp-image-96565\" srcset=\"https:\/\/cms.munich-startup.net\/wp-content\/uploads\/2023\/12\/Off_cAnaTorres_VW_California_1-1200x800.jpg 1200w, https:\/\/cms.munich-startup.net\/wp-content\/uploads\/2023\/12\/Off_cAnaTorres_VW_California_1-600x400.jpg 600w, https:\/\/cms.munich-startup.net\/wp-content\/uploads\/2023\/12\/Off_cAnaTorres_VW_California_1-768x512.jpg 768w, https:\/\/cms.munich-startup.net\/wp-content\/uploads\/2023\/12\/Off_cAnaTorres_VW_California_1-1536x1024.jpg 1536w, https:\/\/cms.munich-startup.net\/wp-content\/uploads\/2023\/12\/Off_cAnaTorres_VW_California_1-2048x1365.jpg 2048w, https:\/\/cms.munich-startup.net\/wp-content\/uploads\/2023\/12\/Off_cAnaTorres_VW_California_1-880x587.jpg 880w, https:\/\/cms.munich-startup.net\/wp-content\/uploads\/2023\/12\/Off_cAnaTorres_VW_California_1-440x293.jpg 440w\" sizes=\"(max-width: 1200px) 100vw, 1200px\" \/><\/a><figcaption><strong>Off We Go: Camperboys undergoes rebranding<\/strong>: <a href=\"\/en\/96563\/camperboys-rebranding\/\">Camperboys becomes Off<\/a>The Munich-based startup is giving itself a new look, and the move is met with mixed feelings. (Photo: AnaTorres \/ Off)<\/figcaption><\/figure>\n\n\n\n<!--nextpage-->\n\n\n\n<figure class=\"wp-block-image size-large\"><a href=\"\/en\/96572\/vocalisto-7-questions\/\"><img decoding=\"async\" width=\"1200\" height=\"675\" src=\"https:\/\/cms.munich-startup.net\/wp-content\/uploads\/2023\/12\/Vocalisto_Gerd-Birzele-16.1-1200x675.jpg\" alt=\"Vocalisto Gerd Birzele\" class=\"wp-image-96573\" srcset=\"https:\/\/cms.munich-startup.net\/wp-content\/uploads\/2023\/12\/Vocalisto_Gerd-Birzele-16.1-1200x675.jpg 1200w, https:\/\/cms.munich-startup.net\/wp-content\/uploads\/2023\/12\/Vocalisto_Gerd-Birzele-16.1-600x338.jpg 600w, https:\/\/cms.munich-startup.net\/wp-content\/uploads\/2023\/12\/Vocalisto_Gerd-Birzele-16.1-768x432.jpg 768w, https:\/\/cms.munich-startup.net\/wp-content\/uploads\/2023\/12\/Vocalisto_Gerd-Birzele-16.1-1536x864.jpg 1536w, https:\/\/cms.munich-startup.net\/wp-content\/uploads\/2023\/12\/Vocalisto_Gerd-Birzele-16.1-2048x1152.jpg 2048w, https:\/\/cms.munich-startup.net\/wp-content\/uploads\/2023\/12\/Vocalisto_Gerd-Birzele-16.1-880x495.jpg 880w, https:\/\/cms.munich-startup.net\/wp-content\/uploads\/2023\/12\/Vocalisto_Gerd-Birzele-16.1-440x248.jpg 440w\" sizes=\"(max-width: 1200px) 100vw, 1200px\" \/><\/a><figcaption><strong>A mobile rehearsal room for all singers:<\/strong> From Taylor Swift to the local church choir, singers, like all other musicians, need to practice regularly. However, unless you&#039;ve just been named &quot;Person of the Year,&quot; you might even annoy your neighbors with your vocal exercises. Rehearsal rooms, however, are expensive and rare. The Munich-based startup Vocalisto has come up with a solution that&#039;s not only handy and mobile, but also offers various additional features. <a href=\"\/en\/96572\/vocalisto-7-questions\/\">In an interview, founder Gerd Birzele explains how his mobile rehearsal room works and how he can help amateur musicians in particular to overcome inhibitions<\/a>. (Photo: Vocalisto)<\/figcaption><\/figure>\n\n\n\n<!--nextpage-->\n\n\n\n<figure class=\"wp-block-image size-large\"><a href=\"https:\/\/cms.munich-startup.net\/wp-content\/uploads\/2023\/01\/Scalable-Capital_Broker.jpg\"><img decoding=\"async\" width=\"1200\" height=\"800\" src=\"https:\/\/cms.munich-startup.net\/wp-content\/uploads\/2023\/01\/Scalable-Capital_Broker-1200x800.jpg\" alt=\"Scalable Capital\" class=\"wp-image-88437\" srcset=\"https:\/\/cms.munich-startup.net\/wp-content\/uploads\/2023\/01\/Scalable-Capital_Broker-1200x800.jpg 1200w, https:\/\/cms.munich-startup.net\/wp-content\/uploads\/2023\/01\/Scalable-Capital_Broker-600x400.jpg 600w, https:\/\/cms.munich-startup.net\/wp-content\/uploads\/2023\/01\/Scalable-Capital_Broker-768x512.jpg 768w, https:\/\/cms.munich-startup.net\/wp-content\/uploads\/2023\/01\/Scalable-Capital_Broker-1536x1023.jpg 1536w, https:\/\/cms.munich-startup.net\/wp-content\/uploads\/2023\/01\/Scalable-Capital_Broker-2048x1364.jpg 2048w, https:\/\/cms.munich-startup.net\/wp-content\/uploads\/2023\/01\/Scalable-Capital_Broker-880x586.jpg 880w, https:\/\/cms.munich-startup.net\/wp-content\/uploads\/2023\/01\/Scalable-Capital_Broker-440x293.jpg 440w\" sizes=\"(max-width: 1200px) 100vw, 1200px\" \/><\/a><figcaption><strong>Scalable Capital receives 60 million euros:<\/strong> The Munich-based fintech Scalable Capital has <a href=\"\/en\/96604\/scalable-capital-expansion-series-e\/\">60 million euros equity financing<\/a> announced. The expansion of the Series E financing round is led by VC firm Balderton Capital. (Photo: Scalable Capital)<\/figcaption><\/figure>\n<\/div>","protected":false},"excerpt":{"rendered":"<p>The most important articles of the week in a photo gallery. So you can start the new week well-informed.<\/p>","protected":false},"author":24,"featured_media":57467,"comment_status":"closed","ping_status":"closed","sticky":false,"template":"","format":"standard","meta":{"_acf_changed":false,"footnotes":""},"categories":[1,5635],"tags":[3869],"acf":[],"yoast_head":"<!-- This site is optimized with the Yoast SEO plugin v26.1.1 - https:\/\/yoast.com\/wordpress\/plugins\/seo\/ -->\n<title>Weekly Wrap-up 49\/2023 - Munich Startup<\/title>\n<meta name=\"description\" content=\"Die wichtigsten Artikel der Woche in einer Fotostrecke. So startet Ihr bestens informiert in die neue Woche.\" \/>\n<meta name=\"robots\" content=\"index, follow, max-snippet:-1, max-image-preview:large, max-video-preview:-1\" \/>\n<link rel=\"canonical\" href=\"https:\/\/cms.munich-startup.net\/en\/96571\/weekly-wrap-up-49-2023\/\" \/>\n<link rel=\"next\" href=\"https:\/\/cms.munich-startup.net\/96571\/weekly-wrap-up-49-2023\/2\/\" \/>\n<meta property=\"og:locale\" content=\"en_US\" \/>\n<meta property=\"og:type\" content=\"article\" \/>\n<meta property=\"og:title\" content=\"Weekly Wrap-up 49\/2023 - Munich Startup\" \/>\n<meta property=\"og:description\" content=\"Die wichtigsten Artikel der Woche in einer Fotostrecke. So startet Ihr bestens informiert in die neue Woche.\" \/>\n<meta property=\"og:url\" content=\"https:\/\/cms.munich-startup.net\/en\/96571\/weekly-wrap-up-49-2023\/\" \/>\n<meta property=\"og:site_name\" content=\"Munich Startup\" \/>\n<meta property=\"article:publisher\" content=\"https:\/\/www.facebook.com\/munichstartup\/\" \/>\n<meta property=\"article:published_time\" content=\"2023-12-10T07:30:00+00:00\" \/>\n<meta name=\"author\" content=\"Regina Bruckschl\u00f6gl\" \/>\n<meta name=\"twitter:card\" content=\"summary_large_image\" \/>\n<meta name=\"twitter:creator\" content=\"@munich_startup\" \/>\n<meta name=\"twitter:site\" content=\"@munich_startup\" \/>\n<meta name=\"twitter:label1\" content=\"Written by\" \/>\n\t<meta name=\"twitter:data1\" content=\"Regina Bruckschl\u00f6gl\" \/>\n\t<meta name=\"twitter:label2\" content=\"Est. reading time\" \/>\n\t<meta name=\"twitter:data2\" content=\"3 minutes\" \/>\n<script type=\"application\/ld+json\" class=\"yoast-schema-graph\">{\"@context\":\"https:\/\/schema.org\",\"@graph\":[{\"@type\":\"WebPage\",\"@id\":\"https:\/\/cms.munich-startup.net\/96571\/weekly-wrap-up-49-2023\/\",\"url\":\"https:\/\/cms.munich-startup.net\/96571\/weekly-wrap-up-49-2023\/\",\"name\":\"Weekly Wrap-up 49\/2023 - Munich Startup\",\"isPartOf\":{\"@id\":\"https:\/\/cms.munich-startup.net\/#website\"},\"primaryImageOfPage\":{\"@id\":\"https:\/\/cms.munich-startup.net\/96571\/weekly-wrap-up-49-2023\/#primaryimage\"},\"image\":{\"@id\":\"https:\/\/cms.munich-startup.net\/96571\/weekly-wrap-up-49-2023\/#primaryimage\"},\"thumbnailUrl\":\"https:\/\/cms.munich-startup.net\/wp-content\/uploads\/2020\/02\/Weekly-Wrap-up-III-e1581596407372.jpg\",\"datePublished\":\"2023-12-10T07:30:00+00:00\",\"author\":{\"@id\":\"https:\/\/cms.munich-startup.net\/#\/schema\/person\/4733256eff8ed883081bf4d616fa784f\"},\"description\":\"Die wichtigsten Artikel der Woche in einer Fotostrecke. So startet Ihr bestens informiert in die neue Woche.\",\"inLanguage\":\"en-US\",\"potentialAction\":[{\"@type\":\"ReadAction\",\"target\":[\"https:\/\/cms.munich-startup.net\/96571\/weekly-wrap-up-49-2023\/\"]}]},{\"@type\":\"ImageObject\",\"inLanguage\":\"en-US\",\"@id\":\"https:\/\/cms.munich-startup.net\/96571\/weekly-wrap-up-49-2023\/#primaryimage\",\"url\":\"https:\/\/cms.munich-startup.net\/wp-content\/uploads\/2020\/02\/Weekly-Wrap-up-III-e1581596407372.jpg\",\"contentUrl\":\"https:\/\/cms.munich-startup.net\/wp-content\/uploads\/2020\/02\/Weekly-Wrap-up-III-e1581596407372.jpg\",\"width\":1890,\"height\":1162,\"caption\":\"Weekly Wrap-up\"},{\"@type\":\"WebSite\",\"@id\":\"https:\/\/cms.munich-startup.net\/#website\",\"url\":\"https:\/\/cms.munich-startup.net\/\",\"name\":\"Munich Startup\",\"description\":\"Das offizielle Startup-Portal f\u00fcr M\u00fcnchen\",\"potentialAction\":[{\"@type\":\"SearchAction\",\"target\":{\"@type\":\"EntryPoint\",\"urlTemplate\":\"https:\/\/cms.munich-startup.net\/?s={search_term_string}\"},\"query-input\":{\"@type\":\"PropertyValueSpecification\",\"valueRequired\":true,\"valueName\":\"search_term_string\"}}],\"inLanguage\":\"en-US\"},{\"@type\":\"Person\",\"@id\":\"https:\/\/cms.munich-startup.net\/#\/schema\/person\/4733256eff8ed883081bf4d616fa784f\",\"name\":\"Regina Bruckschl\u00f6gl\",\"image\":{\"@type\":\"ImageObject\",\"inLanguage\":\"en-US\",\"@id\":\"https:\/\/cms.munich-startup.net\/#\/schema\/person\/image\/\",\"url\":\"https:\/\/secure.gravatar.com\/avatar\/b783cd1e1497db1e22684a06f3369381?s=96&d=blank&r=g\",\"contentUrl\":\"https:\/\/secure.gravatar.com\/avatar\/b783cd1e1497db1e22684a06f3369381?s=96&d=blank&r=g\",\"caption\":\"Regina Bruckschl\u00f6gl\"},\"description\":\"Nach eigenen Startup-Erfahrungen blickt sie als Redakteurin von Munich Startup nun aus einer anderen Perspektive auf die M\u00fcnchner Startup-Szene \u2013 und entdeckt dabei jeden Tag, wie vielf\u00e4ltig das M\u00fcnchner \u00d6kosystem ist. Startup Stories, die erz\u00e4hlt werden wollen!\",\"sameAs\":[\"https:\/\/cms.munich-startup.net\"],\"url\":\"https:\/\/cms.munich-startup.net\/en\/author\/regina\/\"}]}<\/script>\n<meta property=\"og:image\" content=\"https:\/\/cms.munich-startup.net\/en\/wp-content\/uploads\/2020\/02\/Weekly-Wrap-up-III-e1581596407372.jpg\" \/>\n\t<meta property=\"og:image:width\" content=\"1890\" \/>\n\t<meta property=\"og:image:height\" content=\"1162\" \/>\n\t<meta property=\"og:image:type\" content=\"image\/jpeg\" \/>\n<!-- \/ Yoast SEO plugin. -->","yoast_head_json":{"title":"Weekly Wrap-up 49\/2023 - Munich Startup","description":"The most important articles of the week in a photo gallery. So you can start the new week well-informed.","robots":{"index":"index","follow":"follow","max-snippet":"max-snippet:-1","max-image-preview":"max-image-preview:large","max-video-preview":"max-video-preview:-1"},"canonical":"https:\/\/cms.munich-startup.net\/en\/96571\/weekly-wrap-up-49-2023\/","next":"https:\/\/cms.munich-startup.net\/96571\/weekly-wrap-up-49-2023\/2\/","og_locale":"en_US","og_type":"article","og_title":"Weekly Wrap-up 49\/2023 - Munich Startup","og_description":"Die wichtigsten Artikel der Woche in einer Fotostrecke. So startet Ihr bestens informiert in die neue Woche.","og_url":"https:\/\/cms.munich-startup.net\/en\/96571\/weekly-wrap-up-49-2023\/","og_site_name":"Munich Startup","article_publisher":"https:\/\/www.facebook.com\/munichstartup\/","article_published_time":"2023-12-10T07:30:00+00:00","author":"Regina Bruckschl\u00f6gl","twitter_card":"summary_large_image","twitter_creator":"@munich_startup","twitter_site":"@munich_startup","twitter_misc":{"Written by":"Regina Bruckschl\u00f6gl","Est. reading time":"3 minutes"},"schema":{"@context":"https:\/\/schema.org","@graph":[{"@type":"WebPage","@id":"https:\/\/cms.munich-startup.net\/96571\/weekly-wrap-up-49-2023\/","url":"https:\/\/cms.munich-startup.net\/96571\/weekly-wrap-up-49-2023\/","name":"Weekly Wrap-up 49\/2023 - Munich Startup","isPartOf":{"@id":"https:\/\/cms.munich-startup.net\/#website"},"primaryImageOfPage":{"@id":"https:\/\/cms.munich-startup.net\/96571\/weekly-wrap-up-49-2023\/#primaryimage"},"image":{"@id":"https:\/\/cms.munich-startup.net\/96571\/weekly-wrap-up-49-2023\/#primaryimage"},"thumbnailUrl":"https:\/\/cms.munich-startup.net\/wp-content\/uploads\/2020\/02\/Weekly-Wrap-up-III-e1581596407372.jpg","datePublished":"2023-12-10T07:30:00+00:00","author":{"@id":"https:\/\/cms.munich-startup.net\/#\/schema\/person\/4733256eff8ed883081bf4d616fa784f"},"description":"The most important articles of the week in a photo gallery. So you can start the new week well-informed.","inLanguage":"en-US","potentialAction":[{"@type":"ReadAction","target":["https:\/\/cms.munich-startup.net\/96571\/weekly-wrap-up-49-2023\/"]}]},{"@type":"ImageObject","inLanguage":"en-US","@id":"https:\/\/cms.munich-startup.net\/96571\/weekly-wrap-up-49-2023\/#primaryimage","url":"https:\/\/cms.munich-startup.net\/wp-content\/uploads\/2020\/02\/Weekly-Wrap-up-III-e1581596407372.jpg","contentUrl":"https:\/\/cms.munich-startup.net\/wp-content\/uploads\/2020\/02\/Weekly-Wrap-up-III-e1581596407372.jpg","width":1890,"height":1162,"caption":"Weekly Wrap-up"},{"@type":"WebSite","@id":"https:\/\/cms.munich-startup.net\/#website","url":"https:\/\/cms.munich-startup.net\/","name":"Munich Startup","description":"The official startup portal for Munich","potentialAction":[{"@type":"SearchAction","target":{"@type":"EntryPoint","urlTemplate":"https:\/\/cms.munich-startup.net\/?s={search_term_string}"},"query-input":{"@type":"PropertyValueSpecification","valueRequired":true,"valueName":"search_term_string"}}],"inLanguage":"en-US"},{"@type":"Person","@id":"https:\/\/cms.munich-startup.net\/#\/schema\/person\/4733256eff8ed883081bf4d616fa784f","name":"Regina Bruckschl\u00f6gl","image":{"@type":"ImageObject","inLanguage":"en-US","@id":"https:\/\/cms.munich-startup.net\/#\/schema\/person\/image\/","url":"https:\/\/secure.gravatar.com\/avatar\/b783cd1e1497db1e22684a06f3369381?s=96&d=blank&r=g","contentUrl":"https:\/\/secure.gravatar.com\/avatar\/b783cd1e1497db1e22684a06f3369381?s=96&d=blank&r=g","caption":"Regina Bruckschl\u00f6gl"},"description":"After her own startup experiences, she now looks at the Munich startup scene from a different perspective as an editor at Munich Startup \u2013 and discovers every day how diverse the Munich ecosystem is. Startup stories that beg to be told!","sameAs":["https:\/\/cms.munich-startup.net"],"url":"https:\/\/cms.munich-startup.net\/en\/author\/regina\/"}]},"og_image":[{"width":1890,"height":1162,"url":"https:\/\/cms.munich-startup.net\/wp-content\/uploads\/2020\/02\/Weekly-Wrap-up-III-e1581596407372.jpg","type":"image\/jpeg"}]},"_showyear":"","_inactive":"","_show_financing":"","_hide_on_map":"","_edit_lock":"1702043562:33","_edit_last":"33","_yoast_wpseo_focuskw":"Weekly Wrap-up","_yoast_wpseo_metadesc":"Die wichtigsten Artikel der Woche in einer Fotostrecke. So startet Ihr bestens informiert in die neue Woche.","_yoast_wpseo_linkdex":"49","_thumbnail_id":"57467","wbounce_status":"default","_yoast_wpseo_primary_category":"5635","_yoast_wpseo_focuskw_text_input":"","_yoast_wpseo_content_score":"30","ms_image_format":"hide","_ms_image_format":"field_5cb8587572c8b","ms_dachzeile":"","_ms_dachzeile":"field_5cd9b7f365df5","ms_bump_post_date":"","_ms_bump_post_date":"field_5d1341edcf42a","guest_author_name":"","_guest_author_name":"field_5cee78a6016f9","guest_author_image":"","_guest_author_image":"field_5cee7914016fb","guest_author_description":"","_guest_author_description":"field_5cee78dd016fa","ms_post_image_caption":"","_ms_post_image_caption":"field_5f735b0735284","ms_post_image_credit":"","_ms_post_image_credit":"field_5f735b1435285","suppress_startupbox":"1","_suppress_startupbox":"field_60a64b0b6efc6","_yoast_wpseo_estimated-reading-time-minutes":"3","_wp_old_date":"","_yoast_wpseo_title":"","_yoast_wpseo_wordproof_timestamp":"","footnotes":"","easy_language_simplification_original_id":"","easy_language_source_language":"","easy_language_simplification_language":"","easy_language_api":"","easy_language_prevent_automatic_mode":"","_wp_old_slug":"","_wp_trash_meta_status":"","_wp_trash_meta_time":"","easy_language_simplification_state_changed_from":"","easy_language_de_EL_changed":"","ms_competition_deadline":"","_ms_competition_deadline":"","_wpbitly":"","enclosure":"","_yoast_wpseo_meta-robots-noindex":"","_yoast_wpseo_meta-robots-nofollow":"","wbounce_template":"","wbounce_title":"","wbounce_text":"","wbounce_cta":"","wbounce_url":"","wbounce_override":"","_yoast_wpseo_opengraph-title":"","_yoast_wpseo_opengraph-description":"","_oembed_7131efca3705e16bd9da2c41df237660":"","_oembed_time_7131efca3705e16bd9da2c41df237660":"","_pprredirect_type":"","_pprredirect_url":"","_yoast_wpseo_opengraph-image":"","_yoast_wpseo_opengraph-image-id":"","_newsletterglue":"","easy_language_text_language":"","_wp_desired_post_slug":"","_relevanssi_noindex_reason":"","_links":{"self":[{"href":"https:\/\/cms.munich-startup.net\/en\/wp-json\/wp\/v2\/posts\/96571"}],"collection":[{"href":"https:\/\/cms.munich-startup.net\/en\/wp-json\/wp\/v2\/posts"}],"about":[{"href":"https:\/\/cms.munich-startup.net\/en\/wp-json\/wp\/v2\/types\/post"}],"author":[{"embeddable":true,"href":"https:\/\/cms.munich-startup.net\/en\/wp-json\/wp\/v2\/users\/24"}],"replies":[{"embeddable":true,"href":"https:\/\/cms.munich-startup.net\/en\/wp-json\/wp\/v2\/comments?post=96571"}],"version-history":[{"count":4,"href":"https:\/\/cms.munich-startup.net\/en\/wp-json\/wp\/v2\/posts\/96571\/revisions"}],"predecessor-version":[{"id":96635,"href":"https:\/\/cms.munich-startup.net\/en\/wp-json\/wp\/v2\/posts\/96571\/revisions\/96635"}],"wp:featuredmedia":[{"embeddable":true,"href":"https:\/\/cms.munich-startup.net\/en\/wp-json\/wp\/v2\/media\/57467"}],"wp:attachment":[{"href":"https:\/\/cms.munich-startup.net\/en\/wp-json\/wp\/v2\/media?parent=96571"}],"wp:term":[{"taxonomy":"category","embeddable":true,"href":"https:\/\/cms.munich-startup.net\/en\/wp-json\/wp\/v2\/categories?post=96571"},{"taxonomy":"post_tag","embeddable":true,"href":"https:\/\/cms.munich-startup.net\/en\/wp-json\/wp\/v2\/tags?post=96571"}],"curies":[{"name":"wp","href":"https:\/\/api.w.org\/{rel}","templated":true}]}}