{"id":91580,"date":"2023-05-24T08:14:00","date_gmt":"2023-05-24T06:14:00","guid":{"rendered":"https:\/\/cms.munich-startup.net\/?p=91580"},"modified":"2023-05-23T14:05:38","modified_gmt":"2023-05-23T12:05:38","slug":"rise-europe","status":"publish","type":"post","link":"https:\/\/cms.munich-startup.net\/en\/91580\/rise-europe\/","title":{"rendered":"Rise Europe: 20 European startup incubators join forces"},"content":{"rendered":"<div class=\"entry-content\">\n<p>Rise Europe brings together startup hubs from a total of 14 European countries. The goal is to jointly build the next generation of leading startups and support their growth into global market leaders. This will help Europe match the innovative power of the US and China and secure its long-term prosperity.<\/p>\n\n\n\n<p>The initiative includes participants from Denmark, Germany, England, Estonia, Finland, France, Ireland, Italy, the Netherlands, Austria, Portugal, Sweden, Switzerland and Spain, including from Oxford University, the \u00c9cole polytechnique and ETH Zurich.<\/p>\n\n\n\n<h2 class=\"wp-block-heading\">\u201cWith Rise Europe, Europe has a new pacesetter\u201d<\/h2>\n\n\n\n<p>The members of the initiative share the goal of a technologically and economically sovereign Europe. Specifically, they aim to work with industry, family offices, political decision-makers, and investors to improve the environment for entrepreneurial initiatives in Europe. In addition, they aim to increase the visibility of emerging startups. Startups should be given easier access to talent, customers, and capital across Europe.<\/p>\n\n\n\n<p><strong>Helmut Sch\u00f6nenberger<\/strong>, Founder and CEO of <a href=\"\/en\/day\/entrepreneurship-2\/\">UnternehmerTUM<\/a>, says:<\/p>\n\n\n\n<blockquote class=\"wp-block-quote is-layout-flow wp-block-quote-is-layout-flow\"><p>&quot;With Rise Europe, Europe has a new pacesetter that will succeed in overcoming global crises and creating a transnational understanding of the importance of sustainable corporate responsibility. We want to focus our actions on people and Europe&#039;s centuries-old democratic values. I am delighted to be able to contribute to strengthening Europe as a business location with our international friends within the framework of Rise Europe.&quot;<\/p><\/blockquote>\n<\/div>","protected":false},"excerpt":{"rendered":"<p>At the invitation of UnternehmerTUM, 20 representatives from universities and startup centers met at Schloss Elmau near Garmisch-Partenkirchen. The &quot;Rise Europe&quot; initiative was born.<\/p>","protected":false},"author":26,"featured_media":76658,"comment_status":"closed","ping_status":"closed","sticky":false,"template":"","format":"standard","meta":{"_acf_changed":false,"footnotes":""},"categories":[1,5635],"tags":[4872,23],"acf":[],"yoast_head":"<!-- This site is optimized with the Yoast SEO plugin v26.1.1 - https:\/\/yoast.com\/wordpress\/plugins\/seo\/ -->\n<title>Rise Europe: 20 europ\u00e4ische Gr\u00fcndungszentren schlie\u00dfen sich zusammen<\/title>\n<meta name=\"description\" content=\"UnternehmerTUM und 20 Vertreterinnen und Vertreter von Universit\u00e4ten und Gr\u00fcndungszentren haben die Initiative &quot;Rise Europe&quot; gestartet.\" \/>\n<meta name=\"robots\" content=\"index, follow, max-snippet:-1, max-image-preview:large, max-video-preview:-1\" \/>\n<link rel=\"canonical\" href=\"https:\/\/cms.munich-startup.net\/en\/91580\/rise-europe\/\" \/>\n<meta property=\"og:locale\" content=\"en_US\" \/>\n<meta property=\"og:type\" content=\"article\" \/>\n<meta property=\"og:title\" content=\"Rise Europe: 20 europ\u00e4ische Gr\u00fcndungszentren schlie\u00dfen sich zusammen\" \/>\n<meta property=\"og:description\" content=\"UnternehmerTUM und 20 Vertreterinnen und Vertreter von Universit\u00e4ten und Gr\u00fcndungszentren haben die Initiative &quot;Rise Europe&quot; gestartet.\" \/>\n<meta property=\"og:url\" content=\"https:\/\/cms.munich-startup.net\/en\/91580\/rise-europe\/\" \/>\n<meta property=\"og:site_name\" content=\"Munich Startup\" \/>\n<meta property=\"article:publisher\" content=\"https:\/\/www.facebook.com\/munichstartup\/\" \/>\n<meta property=\"article:published_time\" content=\"2023-05-24T06:14:00+00:00\" \/>\n<meta name=\"author\" content=\"Simon Tischer\" \/>\n<meta name=\"twitter:card\" content=\"summary_large_image\" \/>\n<meta name=\"twitter:creator\" content=\"@munich_startup\" \/>\n<meta name=\"twitter:site\" content=\"@munich_startup\" \/>\n<meta name=\"twitter:label1\" content=\"Written by\" \/>\n\t<meta name=\"twitter:data1\" content=\"Simon Tischer\" \/>\n\t<meta name=\"twitter:label2\" content=\"Est. reading time\" \/>\n\t<meta name=\"twitter:data2\" content=\"1 minute\" \/>\n<script type=\"application\/ld+json\" class=\"yoast-schema-graph\">{\"@context\":\"https:\/\/schema.org\",\"@graph\":[{\"@type\":\"WebPage\",\"@id\":\"https:\/\/cms.munich-startup.net\/91580\/rise-europe\/\",\"url\":\"https:\/\/cms.munich-startup.net\/91580\/rise-europe\/\",\"name\":\"Rise Europe: 20 europ\u00e4ische Gr\u00fcndungszentren schlie\u00dfen sich zusammen\",\"isPartOf\":{\"@id\":\"https:\/\/cms.munich-startup.net\/#website\"},\"primaryImageOfPage\":{\"@id\":\"https:\/\/cms.munich-startup.net\/91580\/rise-europe\/#primaryimage\"},\"image\":{\"@id\":\"https:\/\/cms.munich-startup.net\/91580\/rise-europe\/#primaryimage\"},\"thumbnailUrl\":\"https:\/\/cms.munich-startup.net\/wp-content\/uploads\/2021\/10\/european-union-flag-on-the-blue-background.jpg\",\"datePublished\":\"2023-05-24T06:14:00+00:00\",\"author\":{\"@id\":\"https:\/\/cms.munich-startup.net\/#\/schema\/person\/cab6cd082a88a9e4b2d6ca61a9031a4d\"},\"description\":\"UnternehmerTUM und 20 Vertreterinnen und Vertreter von Universit\u00e4ten und Gr\u00fcndungszentren haben die Initiative \\\"Rise Europe\\\" gestartet.\",\"breadcrumb\":{\"@id\":\"https:\/\/cms.munich-startup.net\/91580\/rise-europe\/#breadcrumb\"},\"inLanguage\":\"en-US\",\"potentialAction\":[{\"@type\":\"ReadAction\",\"target\":[\"https:\/\/cms.munich-startup.net\/91580\/rise-europe\/\"]}]},{\"@type\":\"ImageObject\",\"inLanguage\":\"en-US\",\"@id\":\"https:\/\/cms.munich-startup.net\/91580\/rise-europe\/#primaryimage\",\"url\":\"https:\/\/cms.munich-startup.net\/wp-content\/uploads\/2021\/10\/european-union-flag-on-the-blue-background.jpg\",\"contentUrl\":\"https:\/\/cms.munich-startup.net\/wp-content\/uploads\/2021\/10\/european-union-flag-on-the-blue-background.jpg\",\"width\":2400,\"height\":1602,\"caption\":\"Rise Europe Europ\u00e4ische Unternehmensf\u00f6rderpreise EIC Accelerator Europa\"},{\"@type\":\"BreadcrumbList\",\"@id\":\"https:\/\/cms.munich-startup.net\/91580\/rise-europe\/#breadcrumb\",\"itemListElement\":[{\"@type\":\"ListItem\",\"position\":1,\"name\":\"Home\",\"item\":\"https:\/\/cms.munich-startup.net\/\"},{\"@type\":\"ListItem\",\"position\":2,\"name\":\"Rise Europe: 20 europ\u00e4ische Gr\u00fcndungszentren schlie\u00dfen sich zusammen\"}]},{\"@type\":\"WebSite\",\"@id\":\"https:\/\/cms.munich-startup.net\/#website\",\"url\":\"https:\/\/cms.munich-startup.net\/\",\"name\":\"Munich Startup\",\"description\":\"Das offizielle Startup-Portal f\u00fcr M\u00fcnchen\",\"potentialAction\":[{\"@type\":\"SearchAction\",\"target\":{\"@type\":\"EntryPoint\",\"urlTemplate\":\"https:\/\/cms.munich-startup.net\/?s={search_term_string}\"},\"query-input\":{\"@type\":\"PropertyValueSpecification\",\"valueRequired\":true,\"valueName\":\"search_term_string\"}}],\"inLanguage\":\"en-US\"},{\"@type\":\"Person\",\"@id\":\"https:\/\/cms.munich-startup.net\/#\/schema\/person\/cab6cd082a88a9e4b2d6ca61a9031a4d\",\"name\":\"Simon Tischer\",\"image\":{\"@type\":\"ImageObject\",\"inLanguage\":\"en-US\",\"@id\":\"https:\/\/cms.munich-startup.net\/#\/schema\/person\/image\/\",\"url\":\"https:\/\/secure.gravatar.com\/avatar\/0768e5403c34aa0074a7e723cd3a2795?s=96&d=blank&r=g\",\"contentUrl\":\"https:\/\/secure.gravatar.com\/avatar\/0768e5403c34aa0074a7e723cd3a2795?s=96&d=blank&r=g\",\"caption\":\"Simon Tischer\"},\"description\":\"Von Dezember 2015 bis Juni 2023 war Simon Tischer als Redakteur f\u00fcr Munich Startup t\u00e4tig.\",\"url\":\"https:\/\/cms.munich-startup.net\/en\/author\/tischer\/\"}]}<\/script>\n<meta property=\"og:image\" content=\"https:\/\/cms.munich-startup.net\/en\/wp-content\/uploads\/2021\/10\/european-union-flag-on-the-blue-background.jpg\" \/>\n\t<meta property=\"og:image:width\" content=\"2400\" \/>\n\t<meta property=\"og:image:height\" content=\"1602\" \/>\n\t<meta property=\"og:image:type\" content=\"image\/jpeg\" \/>\n<!-- \/ Yoast SEO plugin. -->","yoast_head_json":{"title":"Rise Europe: 20 European startup incubators join forces","description":"UnternehmerTUM and 20 representatives from universities and business incubators have launched the &quot;Rise Europe&quot; initiative.","robots":{"index":"index","follow":"follow","max-snippet":"max-snippet:-1","max-image-preview":"max-image-preview:large","max-video-preview":"max-video-preview:-1"},"canonical":"https:\/\/cms.munich-startup.net\/en\/91580\/rise-europe\/","og_locale":"en_US","og_type":"article","og_title":"Rise Europe: 20 europ\u00e4ische Gr\u00fcndungszentren schlie\u00dfen sich zusammen","og_description":"UnternehmerTUM und 20 Vertreterinnen und Vertreter von Universit\u00e4ten und Gr\u00fcndungszentren haben die Initiative \"Rise Europe\" gestartet.","og_url":"https:\/\/cms.munich-startup.net\/en\/91580\/rise-europe\/","og_site_name":"Munich Startup","article_publisher":"https:\/\/www.facebook.com\/munichstartup\/","article_published_time":"2023-05-24T06:14:00+00:00","author":"Simon Tischer","twitter_card":"summary_large_image","twitter_creator":"@munich_startup","twitter_site":"@munich_startup","twitter_misc":{"Written by":"Simon Tischer","Est. reading time":"1 minute"},"schema":{"@context":"https:\/\/schema.org","@graph":[{"@type":"WebPage","@id":"https:\/\/cms.munich-startup.net\/91580\/rise-europe\/","url":"https:\/\/cms.munich-startup.net\/91580\/rise-europe\/","name":"Rise Europe: 20 European startup incubators join forces","isPartOf":{"@id":"https:\/\/cms.munich-startup.net\/#website"},"primaryImageOfPage":{"@id":"https:\/\/cms.munich-startup.net\/91580\/rise-europe\/#primaryimage"},"image":{"@id":"https:\/\/cms.munich-startup.net\/91580\/rise-europe\/#primaryimage"},"thumbnailUrl":"https:\/\/cms.munich-startup.net\/wp-content\/uploads\/2021\/10\/european-union-flag-on-the-blue-background.jpg","datePublished":"2023-05-24T06:14:00+00:00","author":{"@id":"https:\/\/cms.munich-startup.net\/#\/schema\/person\/cab6cd082a88a9e4b2d6ca61a9031a4d"},"description":"UnternehmerTUM and 20 representatives from universities and business incubators have launched the &quot;Rise Europe&quot; initiative.","breadcrumb":{"@id":"https:\/\/cms.munich-startup.net\/91580\/rise-europe\/#breadcrumb"},"inLanguage":"en-US","potentialAction":[{"@type":"ReadAction","target":["https:\/\/cms.munich-startup.net\/91580\/rise-europe\/"]}]},{"@type":"ImageObject","inLanguage":"en-US","@id":"https:\/\/cms.munich-startup.net\/91580\/rise-europe\/#primaryimage","url":"https:\/\/cms.munich-startup.net\/wp-content\/uploads\/2021\/10\/european-union-flag-on-the-blue-background.jpg","contentUrl":"https:\/\/cms.munich-startup.net\/wp-content\/uploads\/2021\/10\/european-union-flag-on-the-blue-background.jpg","width":2400,"height":1602,"caption":"Rise Europe Europ\u00e4ische Unternehmensf\u00f6rderpreise EIC Accelerator Europa"},{"@type":"BreadcrumbList","@id":"https:\/\/cms.munich-startup.net\/91580\/rise-europe\/#breadcrumb","itemListElement":[{"@type":"ListItem","position":1,"name":"Home","item":"https:\/\/cms.munich-startup.net\/"},{"@type":"ListItem","position":2,"name":"Rise Europe: 20 europ\u00e4ische Gr\u00fcndungszentren schlie\u00dfen sich zusammen"}]},{"@type":"WebSite","@id":"https:\/\/cms.munich-startup.net\/#website","url":"https:\/\/cms.munich-startup.net\/","name":"Munich Startup","description":"The official startup portal for Munich","potentialAction":[{"@type":"SearchAction","target":{"@type":"EntryPoint","urlTemplate":"https:\/\/cms.munich-startup.net\/?s={search_term_string}"},"query-input":{"@type":"PropertyValueSpecification","valueRequired":true,"valueName":"search_term_string"}}],"inLanguage":"en-US"},{"@type":"Person","@id":"https:\/\/cms.munich-startup.net\/#\/schema\/person\/cab6cd082a88a9e4b2d6ca61a9031a4d","name":"Simon Tischer","image":{"@type":"ImageObject","inLanguage":"en-US","@id":"https:\/\/cms.munich-startup.net\/#\/schema\/person\/image\/","url":"https:\/\/secure.gravatar.com\/avatar\/0768e5403c34aa0074a7e723cd3a2795?s=96&d=blank&r=g","contentUrl":"https:\/\/secure.gravatar.com\/avatar\/0768e5403c34aa0074a7e723cd3a2795?s=96&d=blank&r=g","caption":"Simon Tischer"},"description":"From December 2015 to June 2023, Simon Tischer worked as an editor for Munich Startup.","url":"https:\/\/cms.munich-startup.net\/en\/author\/tischer\/"}]},"og_image":[{"width":2400,"height":1602,"url":"https:\/\/cms.munich-startup.net\/wp-content\/uploads\/2021\/10\/european-union-flag-on-the-blue-background.jpg","type":"image\/jpeg"}]},"_showyear":"","_inactive":"","_show_financing":"","_hide_on_map":"","_edit_lock":"1685000129:24","_edit_last":"33","_yoast_wpseo_focuskw":"Rise Europe","_yoast_wpseo_metadesc":"UnternehmerTUM und 20 Vertreterinnen und Vertreter von Universit\u00e4ten und Gr\u00fcndungszentren haben die Initiative \"Rise Europe\" gestartet.","_yoast_wpseo_linkdex":"75","_thumbnail_id":"76658","wbounce_status":"default","_yoast_wpseo_primary_category":"5635","_yoast_wpseo_focuskw_text_input":"","_yoast_wpseo_content_score":"30","ms_image_format":"contentwidth","_ms_image_format":"field_5cb8587572c8b","ms_dachzeile":"","_ms_dachzeile":"field_5cd9b7f365df5","ms_bump_post_date":"","_ms_bump_post_date":"field_5d1341edcf42a","guest_author_name":"","_guest_author_name":"field_5cee78a6016f9","guest_author_image":"","_guest_author_image":"field_5cee7914016fb","guest_author_description":"","_guest_author_description":"field_5cee78dd016fa","ms_post_image_caption":"","_ms_post_image_caption":"field_5f735b0735284","ms_post_image_credit":"","_ms_post_image_credit":"field_5f735b1435285","suppress_startupbox":"1","_suppress_startupbox":"field_60a64b0b6efc6","_yoast_wpseo_estimated-reading-time-minutes":"1","_wp_old_date":"","_yoast_wpseo_title":"%%title%% %%page%%","_yoast_wpseo_wordproof_timestamp":"","footnotes":"","easy_language_simplification_original_id":"","easy_language_source_language":"","easy_language_simplification_language":"","easy_language_api":"","easy_language_prevent_automatic_mode":"","_wp_old_slug":"","_wp_trash_meta_status":"","_wp_trash_meta_time":"","easy_language_simplification_state_changed_from":"","easy_language_de_EL_changed":"","ms_competition_deadline":"","_ms_competition_deadline":"","_wpbitly":"","enclosure":"","_yoast_wpseo_meta-robots-noindex":"","_yoast_wpseo_meta-robots-nofollow":"","wbounce_template":"","wbounce_title":"","wbounce_text":"","wbounce_cta":"","wbounce_url":"","wbounce_override":"","_yoast_wpseo_opengraph-title":"","_yoast_wpseo_opengraph-description":"","_oembed_7131efca3705e16bd9da2c41df237660":"","_oembed_time_7131efca3705e16bd9da2c41df237660":"","_pprredirect_type":"","_pprredirect_url":"","_yoast_wpseo_opengraph-image":"","_yoast_wpseo_opengraph-image-id":"","_newsletterglue":"","easy_language_text_language":"","_wp_desired_post_slug":"","_relevanssi_noindex_reason":"","_links":{"self":[{"href":"https:\/\/cms.munich-startup.net\/en\/wp-json\/wp\/v2\/posts\/91580"}],"collection":[{"href":"https:\/\/cms.munich-startup.net\/en\/wp-json\/wp\/v2\/posts"}],"about":[{"href":"https:\/\/cms.munich-startup.net\/en\/wp-json\/wp\/v2\/types\/post"}],"author":[{"embeddable":true,"href":"https:\/\/cms.munich-startup.net\/en\/wp-json\/wp\/v2\/users\/26"}],"replies":[{"embeddable":true,"href":"https:\/\/cms.munich-startup.net\/en\/wp-json\/wp\/v2\/comments?post=91580"}],"version-history":[{"count":4,"href":"https:\/\/cms.munich-startup.net\/en\/wp-json\/wp\/v2\/posts\/91580\/revisions"}],"predecessor-version":[{"id":91588,"href":"https:\/\/cms.munich-startup.net\/en\/wp-json\/wp\/v2\/posts\/91580\/revisions\/91588"}],"wp:featuredmedia":[{"embeddable":true,"href":"https:\/\/cms.munich-startup.net\/en\/wp-json\/wp\/v2\/media\/76658"}],"wp:attachment":[{"href":"https:\/\/cms.munich-startup.net\/en\/wp-json\/wp\/v2\/media?parent=91580"}],"wp:term":[{"taxonomy":"category","embeddable":true,"href":"https:\/\/cms.munich-startup.net\/en\/wp-json\/wp\/v2\/categories?post=91580"},{"taxonomy":"post_tag","embeddable":true,"href":"https:\/\/cms.munich-startup.net\/en\/wp-json\/wp\/v2\/tags?post=91580"}],"curies":[{"name":"wp","href":"https:\/\/api.w.org\/{rel}","templated":true}]}}