{"id":45476,"date":"2019-03-18T07:30:55","date_gmt":"2019-03-18T06:30:55","guid":{"rendered":"https:\/\/cms.munich-startup.net\/?p=45476"},"modified":"2024-04-24T08:13:30","modified_gmt":"2024-04-24T06:13:30","slug":"startup-area-trade-fair-transport-logistic","status":"publish","type":"post","link":"https:\/\/cms.munich-startup.net\/en\/45476\/startup-area-trade-fair-transport-logistic\/","title":{"rendered":"Transport Logistic: Apply now for Startup Area"},"content":{"rendered":"<div class=\"entry-content\"><p><strong>Digitalization, autonomous driving, robotics\u2014innovations are also making their mark on the logistics industry. That&#039;s why, in June, the world&#039;s largest logistics trade fair, Transport Logistic in Munich, will host its first-ever forum for startups: the &quot;start.hub Logistics.&quot; <a href=\"https:\/\/blue-rocket.de\/\" target=\"_blank\" rel=\"noopener\">Interested startups can apply until March 31<\/a>. <\/strong><\/p>\n<blockquote><p>&quot;Transport Logistic is the most important meeting place for the logistics industry and offers start-up companies an optimal gateway into the international market. Conversely, the startups can further fuel the industry&#039;s innovative power,&quot;<\/p><\/blockquote>\n<p>explained <strong>Caroline Thiemt<\/strong>, Project Manager of Transport Logistic. Around 20 startups will be able to present themselves at the trade fair, which is expected to attract over 60,000 visitors.<\/p>\n<blockquote><p>&quot;The 300-square-meter &quot;start.hub Logistics&quot; consists of a stage, a bar, and a lounge and is located in the middle of Hall B2.&quot;<\/p><\/blockquote>\n<h3>Winning startup wins exhibition stand, media performance &amp; workplace<\/h3>\n<p>A winning startup will be selected through pitches at the trade fair. The startup will receive a free 20-square-meter full-service parcel booth at Transport Logistic 2021, media coverage in the DVV Media Group media worth \u20ac10,000 for print or online advertising, and a one-year job at the Digital Hub Logistics in Dortmund or Hamburg.<\/p>\n<h3>Apply now!<\/h3>\n<p>Sounds interesting? <a href=\"https:\/\/blue-rocket.de\/\" target=\"_blank\" rel=\"noopener\">Then apply now<\/a> for a trade fair spot and participation in the pitch. The application period runs until March 31, 2019, and the jury will select the trade fair participants by mid-April.<\/p>\n<\/div>","protected":false},"excerpt":{"rendered":"<p>Digitalization, autonomous driving, robotics\u2014innovations aren&#039;t stopping the logistics industry either. That&#039;s why, for the first time, the world&#039;s largest logistics trade fair, Transport Logistic in Munich, will host a forum for founders in June: the &quot;start.hub Logistics.&quot; Interested startups can apply until March 31. &quot;Transport Logistic is...<\/p>","protected":false},"author":24,"featured_media":45484,"comment_status":"closed","ping_status":"closed","sticky":false,"template":"","format":"standard","meta":{"_acf_changed":false,"footnotes":""},"categories":[5638,1,78],"tags":[3507],"acf":[],"yoast_head":"<!-- This site is optimized with the Yoast SEO plugin v26.1.1 - https:\/\/yoast.com\/wordpress\/plugins\/seo\/ -->\n<title>Transport Logistic: Jetzt f\u00fcr Startup Area bewerben - Munich Startup<\/title>\n<meta name=\"description\" content=\"Startups aus dem Logistik-Bereich k\u00f6nnen sich jetzt um eine Messe-Teilnahme bei der Transport Logistic bewerben. Bewerbungsende ist der 31. M\u00e4rz 2019.\" \/>\n<meta name=\"robots\" content=\"index, follow, max-snippet:-1, max-image-preview:large, max-video-preview:-1\" \/>\n<link rel=\"canonical\" href=\"https:\/\/cms.munich-startup.net\/en\/45476\/startup-area-trade-fair-transport-logistic\/\" \/>\n<meta property=\"og:locale\" content=\"en_US\" \/>\n<meta property=\"og:type\" content=\"article\" \/>\n<meta property=\"og:title\" content=\"Transport Logistic: Jetzt f\u00fcr Startup Area bewerben - Munich Startup\" \/>\n<meta property=\"og:description\" content=\"Startups aus dem Logistik-Bereich k\u00f6nnen sich jetzt um eine Messe-Teilnahme bei der Transport Logistic bewerben. Bewerbungsende ist der 31. M\u00e4rz 2019.\" \/>\n<meta property=\"og:url\" content=\"https:\/\/cms.munich-startup.net\/en\/45476\/startup-area-trade-fair-transport-logistic\/\" \/>\n<meta property=\"og:site_name\" content=\"Munich Startup\" \/>\n<meta property=\"article:publisher\" content=\"https:\/\/www.facebook.com\/munichstartup\/\" \/>\n<meta property=\"article:published_time\" content=\"2019-03-18T06:30:55+00:00\" \/>\n<meta property=\"article:modified_time\" content=\"2024-04-24T06:13:30+00:00\" \/>\n<meta name=\"author\" content=\"Regina Bruckschl\u00f6gl\" \/>\n<meta name=\"twitter:card\" content=\"summary_large_image\" \/>\n<meta name=\"twitter:creator\" content=\"@munich_startup\" \/>\n<meta name=\"twitter:site\" content=\"@munich_startup\" \/>\n<meta name=\"twitter:label1\" content=\"Written by\" \/>\n\t<meta name=\"twitter:data1\" content=\"Regina Bruckschl\u00f6gl\" \/>\n\t<meta name=\"twitter:label2\" content=\"Est. reading time\" \/>\n\t<meta name=\"twitter:data2\" content=\"1 minute\" \/>\n<script type=\"application\/ld+json\" class=\"yoast-schema-graph\">{\"@context\":\"https:\/\/schema.org\",\"@graph\":[{\"@type\":\"WebPage\",\"@id\":\"https:\/\/cms.munich-startup.net\/45476\/startup-area-messe-transport-logistic\/\",\"url\":\"https:\/\/cms.munich-startup.net\/45476\/startup-area-messe-transport-logistic\/\",\"name\":\"Transport Logistic: Jetzt f\u00fcr Startup Area bewerben - Munich Startup\",\"isPartOf\":{\"@id\":\"https:\/\/cms.munich-startup.net\/#website\"},\"primaryImageOfPage\":{\"@id\":\"https:\/\/cms.munich-startup.net\/45476\/startup-area-messe-transport-logistic\/#primaryimage\"},\"image\":{\"@id\":\"https:\/\/cms.munich-startup.net\/45476\/startup-area-messe-transport-logistic\/#primaryimage\"},\"thumbnailUrl\":\"https:\/\/cms.munich-startup.net\/wp-content\/uploads\/2019\/02\/eingang1.jpg\",\"datePublished\":\"2019-03-18T06:30:55+00:00\",\"dateModified\":\"2024-04-24T06:13:30+00:00\",\"author\":{\"@id\":\"https:\/\/cms.munich-startup.net\/#\/schema\/person\/4733256eff8ed883081bf4d616fa784f\"},\"description\":\"Startups aus dem Logistik-Bereich k\u00f6nnen sich jetzt um eine Messe-Teilnahme bei der Transport Logistic bewerben. Bewerbungsende ist der 31. M\u00e4rz 2019.\",\"breadcrumb\":{\"@id\":\"https:\/\/cms.munich-startup.net\/45476\/startup-area-messe-transport-logistic\/#breadcrumb\"},\"inLanguage\":\"en-US\",\"potentialAction\":[{\"@type\":\"ReadAction\",\"target\":[\"https:\/\/cms.munich-startup.net\/45476\/startup-area-messe-transport-logistic\/\"]}]},{\"@type\":\"ImageObject\",\"inLanguage\":\"en-US\",\"@id\":\"https:\/\/cms.munich-startup.net\/45476\/startup-area-messe-transport-logistic\/#primaryimage\",\"url\":\"https:\/\/cms.munich-startup.net\/wp-content\/uploads\/2019\/02\/eingang1.jpg\",\"contentUrl\":\"https:\/\/cms.munich-startup.net\/wp-content\/uploads\/2019\/02\/eingang1.jpg\",\"width\":1500,\"height\":1000,\"caption\":\"Transport Logistic\"},{\"@type\":\"BreadcrumbList\",\"@id\":\"https:\/\/cms.munich-startup.net\/45476\/startup-area-messe-transport-logistic\/#breadcrumb\",\"itemListElement\":[{\"@type\":\"ListItem\",\"position\":1,\"name\":\"Home\",\"item\":\"https:\/\/cms.munich-startup.net\/\"},{\"@type\":\"ListItem\",\"position\":2,\"name\":\"Transport Logistic: Jetzt f\u00fcr Startup Area bewerben\"}]},{\"@type\":\"WebSite\",\"@id\":\"https:\/\/cms.munich-startup.net\/#website\",\"url\":\"https:\/\/cms.munich-startup.net\/\",\"name\":\"Munich Startup\",\"description\":\"Das offizielle Startup-Portal f\u00fcr M\u00fcnchen\",\"potentialAction\":[{\"@type\":\"SearchAction\",\"target\":{\"@type\":\"EntryPoint\",\"urlTemplate\":\"https:\/\/cms.munich-startup.net\/?s={search_term_string}\"},\"query-input\":{\"@type\":\"PropertyValueSpecification\",\"valueRequired\":true,\"valueName\":\"search_term_string\"}}],\"inLanguage\":\"en-US\"},{\"@type\":\"Person\",\"@id\":\"https:\/\/cms.munich-startup.net\/#\/schema\/person\/4733256eff8ed883081bf4d616fa784f\",\"name\":\"Regina Bruckschl\u00f6gl\",\"image\":{\"@type\":\"ImageObject\",\"inLanguage\":\"en-US\",\"@id\":\"https:\/\/cms.munich-startup.net\/#\/schema\/person\/image\/\",\"url\":\"https:\/\/secure.gravatar.com\/avatar\/b783cd1e1497db1e22684a06f3369381?s=96&d=blank&r=g\",\"contentUrl\":\"https:\/\/secure.gravatar.com\/avatar\/b783cd1e1497db1e22684a06f3369381?s=96&d=blank&r=g\",\"caption\":\"Regina Bruckschl\u00f6gl\"},\"description\":\"Nach eigenen Startup-Erfahrungen blickt sie als Redakteurin von Munich Startup nun aus einer anderen Perspektive auf die M\u00fcnchner Startup-Szene \u2013 und entdeckt dabei jeden Tag, wie vielf\u00e4ltig das M\u00fcnchner \u00d6kosystem ist. Startup Stories, die erz\u00e4hlt werden wollen!\",\"sameAs\":[\"https:\/\/cms.munich-startup.net\"],\"url\":\"https:\/\/cms.munich-startup.net\/en\/author\/regina\/\"}]}<\/script>\n<meta property=\"og:image\" content=\"https:\/\/cms.munich-startup.net\/en\/wp-content\/uploads\/2019\/02\/eingang1.jpg\" \/>\n\t<meta property=\"og:image:width\" content=\"1500\" \/>\n\t<meta property=\"og:image:height\" content=\"1000\" \/>\n\t<meta property=\"og:image:type\" content=\"image\/jpeg\" \/>\n<!-- \/ Yoast SEO plugin. -->","yoast_head_json":{"title":"Transport Logistic: Apply now for Startup Area - Munich Startup","description":"Startups from the logistics sector can now apply to participate in the Transport Logistic trade fair. The application deadline is March 31, 2019.","robots":{"index":"index","follow":"follow","max-snippet":"max-snippet:-1","max-image-preview":"max-image-preview:large","max-video-preview":"max-video-preview:-1"},"canonical":"https:\/\/cms.munich-startup.net\/en\/45476\/startup-area-trade-fair-transport-logistic\/","og_locale":"en_US","og_type":"article","og_title":"Transport Logistic: Jetzt f\u00fcr Startup Area bewerben - Munich Startup","og_description":"Startups aus dem Logistik-Bereich k\u00f6nnen sich jetzt um eine Messe-Teilnahme bei der Transport Logistic bewerben. Bewerbungsende ist der 31. M\u00e4rz 2019.","og_url":"https:\/\/cms.munich-startup.net\/en\/45476\/startup-area-trade-fair-transport-logistic\/","og_site_name":"Munich Startup","article_publisher":"https:\/\/www.facebook.com\/munichstartup\/","article_published_time":"2019-03-18T06:30:55+00:00","article_modified_time":"2024-04-24T06:13:30+00:00","author":"Regina Bruckschl\u00f6gl","twitter_card":"summary_large_image","twitter_creator":"@munich_startup","twitter_site":"@munich_startup","twitter_misc":{"Written by":"Regina Bruckschl\u00f6gl","Est. reading time":"1 minute"},"schema":{"@context":"https:\/\/schema.org","@graph":[{"@type":"WebPage","@id":"https:\/\/cms.munich-startup.net\/45476\/startup-area-messe-transport-logistic\/","url":"https:\/\/cms.munich-startup.net\/45476\/startup-area-messe-transport-logistic\/","name":"Transport Logistic: Apply now for Startup Area - Munich Startup","isPartOf":{"@id":"https:\/\/cms.munich-startup.net\/#website"},"primaryImageOfPage":{"@id":"https:\/\/cms.munich-startup.net\/45476\/startup-area-messe-transport-logistic\/#primaryimage"},"image":{"@id":"https:\/\/cms.munich-startup.net\/45476\/startup-area-messe-transport-logistic\/#primaryimage"},"thumbnailUrl":"https:\/\/cms.munich-startup.net\/wp-content\/uploads\/2019\/02\/eingang1.jpg","datePublished":"2019-03-18T06:30:55+00:00","dateModified":"2024-04-24T06:13:30+00:00","author":{"@id":"https:\/\/cms.munich-startup.net\/#\/schema\/person\/4733256eff8ed883081bf4d616fa784f"},"description":"Startups from the logistics sector can now apply to participate in the Transport Logistic trade fair. The application deadline is March 31, 2019.","breadcrumb":{"@id":"https:\/\/cms.munich-startup.net\/45476\/startup-area-messe-transport-logistic\/#breadcrumb"},"inLanguage":"en-US","potentialAction":[{"@type":"ReadAction","target":["https:\/\/cms.munich-startup.net\/45476\/startup-area-messe-transport-logistic\/"]}]},{"@type":"ImageObject","inLanguage":"en-US","@id":"https:\/\/cms.munich-startup.net\/45476\/startup-area-messe-transport-logistic\/#primaryimage","url":"https:\/\/cms.munich-startup.net\/wp-content\/uploads\/2019\/02\/eingang1.jpg","contentUrl":"https:\/\/cms.munich-startup.net\/wp-content\/uploads\/2019\/02\/eingang1.jpg","width":1500,"height":1000,"caption":"Transport Logistic"},{"@type":"BreadcrumbList","@id":"https:\/\/cms.munich-startup.net\/45476\/startup-area-messe-transport-logistic\/#breadcrumb","itemListElement":[{"@type":"ListItem","position":1,"name":"Home","item":"https:\/\/cms.munich-startup.net\/"},{"@type":"ListItem","position":2,"name":"Transport Logistic: Jetzt f\u00fcr Startup Area bewerben"}]},{"@type":"WebSite","@id":"https:\/\/cms.munich-startup.net\/#website","url":"https:\/\/cms.munich-startup.net\/","name":"Munich Startup","description":"The official startup portal for Munich","potentialAction":[{"@type":"SearchAction","target":{"@type":"EntryPoint","urlTemplate":"https:\/\/cms.munich-startup.net\/?s={search_term_string}"},"query-input":{"@type":"PropertyValueSpecification","valueRequired":true,"valueName":"search_term_string"}}],"inLanguage":"en-US"},{"@type":"Person","@id":"https:\/\/cms.munich-startup.net\/#\/schema\/person\/4733256eff8ed883081bf4d616fa784f","name":"Regina Bruckschl\u00f6gl","image":{"@type":"ImageObject","inLanguage":"en-US","@id":"https:\/\/cms.munich-startup.net\/#\/schema\/person\/image\/","url":"https:\/\/secure.gravatar.com\/avatar\/b783cd1e1497db1e22684a06f3369381?s=96&d=blank&r=g","contentUrl":"https:\/\/secure.gravatar.com\/avatar\/b783cd1e1497db1e22684a06f3369381?s=96&d=blank&r=g","caption":"Regina Bruckschl\u00f6gl"},"description":"After her own startup experiences, she now looks at the Munich startup scene from a different perspective as an editor at Munich Startup \u2013 and discovers every day how diverse the Munich ecosystem is. Startup stories that beg to be told!","sameAs":["https:\/\/cms.munich-startup.net"],"url":"https:\/\/cms.munich-startup.net\/en\/author\/regina\/"}]},"og_image":[{"width":1500,"height":1000,"url":"https:\/\/cms.munich-startup.net\/wp-content\/uploads\/2019\/02\/eingang1.jpg","type":"image\/jpeg"}]},"_showyear":"","_inactive":"","_show_financing":"","_hide_on_map":"","_edit_lock":"1713939261:44","_edit_last":"44","_yoast_wpseo_focuskw":"Transport Logistic","_yoast_wpseo_metadesc":"Startups aus dem Logistik-Bereich k\u00f6nnen sich jetzt um eine Messe-Teilnahme bei der Transport Logistic bewerben. Bewerbungsende ist der 31. M\u00e4rz 2019.","_yoast_wpseo_linkdex":"71","_thumbnail_id":"45484","wbounce_status":"default","_yoast_wpseo_primary_category":"5638","_yoast_wpseo_focuskw_text_input":"Transport Logistic","_yoast_wpseo_content_score":"30","ms_image_format":"contentwidth","_ms_image_format":"field_5cb8587572c8b","ms_dachzeile":"","_ms_dachzeile":"field_5cd9b7f365df5","ms_bump_post_date":"","_ms_bump_post_date":"field_5d1341edcf42a","guest_author_name":"","_guest_author_name":"field_5cee78a6016f9","guest_author_image":"","_guest_author_image":"field_5cee7914016fb","guest_author_description":"","_guest_author_description":"field_5cee78dd016fa","ms_post_image_caption":"","_ms_post_image_caption":"field_5f735b0735284","ms_post_image_credit":"","_ms_post_image_credit":"field_5f735b1435285","suppress_startupbox":"0","_suppress_startupbox":"field_60a64b0b6efc6","_yoast_wpseo_estimated-reading-time-minutes":"1","_wp_old_date":"","_yoast_wpseo_title":"","_yoast_wpseo_wordproof_timestamp":"","footnotes":"","easy_language_simplification_original_id":"","easy_language_source_language":"","easy_language_simplification_language":"","easy_language_api":"","easy_language_prevent_automatic_mode":"","_wp_old_slug":"","_wp_trash_meta_status":"","_wp_trash_meta_time":"","easy_language_simplification_state_changed_from":"","easy_language_de_EL_changed":"","ms_competition_deadline":"","_ms_competition_deadline":"field_5cf903f2f66b2","_wpbitly":"","enclosure":"","_yoast_wpseo_meta-robots-noindex":"","_yoast_wpseo_meta-robots-nofollow":"","wbounce_template":"","wbounce_title":"","wbounce_text":"","wbounce_cta":"","wbounce_url":"","wbounce_override":"","_yoast_wpseo_opengraph-title":"","_yoast_wpseo_opengraph-description":"","_oembed_7131efca3705e16bd9da2c41df237660":"","_oembed_time_7131efca3705e16bd9da2c41df237660":"","_pprredirect_type":"","_pprredirect_url":"","_yoast_wpseo_opengraph-image":"","_yoast_wpseo_opengraph-image-id":"","_newsletterglue":"","easy_language_text_language":"","_wp_desired_post_slug":"","_relevanssi_noindex_reason":"","_links":{"self":[{"href":"https:\/\/cms.munich-startup.net\/en\/wp-json\/wp\/v2\/posts\/45476"}],"collection":[{"href":"https:\/\/cms.munich-startup.net\/en\/wp-json\/wp\/v2\/posts"}],"about":[{"href":"https:\/\/cms.munich-startup.net\/en\/wp-json\/wp\/v2\/types\/post"}],"author":[{"embeddable":true,"href":"https:\/\/cms.munich-startup.net\/en\/wp-json\/wp\/v2\/users\/24"}],"replies":[{"embeddable":true,"href":"https:\/\/cms.munich-startup.net\/en\/wp-json\/wp\/v2\/comments?post=45476"}],"version-history":[{"count":1,"href":"https:\/\/cms.munich-startup.net\/en\/wp-json\/wp\/v2\/posts\/45476\/revisions"}],"predecessor-version":[{"id":71199,"href":"https:\/\/cms.munich-startup.net\/en\/wp-json\/wp\/v2\/posts\/45476\/revisions\/71199"}],"wp:featuredmedia":[{"embeddable":true,"href":"https:\/\/cms.munich-startup.net\/en\/wp-json\/wp\/v2\/media\/45484"}],"wp:attachment":[{"href":"https:\/\/cms.munich-startup.net\/en\/wp-json\/wp\/v2\/media?parent=45476"}],"wp:term":[{"taxonomy":"category","embeddable":true,"href":"https:\/\/cms.munich-startup.net\/en\/wp-json\/wp\/v2\/categories?post=45476"},{"taxonomy":"post_tag","embeddable":true,"href":"https:\/\/cms.munich-startup.net\/en\/wp-json\/wp\/v2\/tags?post=45476"}],"curies":[{"name":"wp","href":"https:\/\/api.w.org\/{rel}","templated":true}]}}