{"id":2385,"date":"2015-06-15T13:26:58","date_gmt":"2015-06-15T11:26:58","guid":{"rendered":"http:\/\/cms.munich-startup.net\/?p=2385"},"modified":"2022-02-28T13:34:54","modified_gmt":"2022-02-28T12:34:54","slug":"munich-web-week-launched","status":"publish","type":"post","link":"https:\/\/cms.munich-startup.net\/en\/2385\/munich-web-week-launched\/","title":{"rendered":"Munich Web Week launched"},"content":{"rendered":"<div class=\"entry-content\"><p><strong>The Munich Web Week connects the metropolitan region&#039;s digital designers and strengthens Munich as a center of technology and the Internet. Numerous events centering on the digital economy will take place at various locations in Munich until June 21, 2015.<\/strong><\/p>\n<p>Isarnetz and its numerous partners want to showcase to Munich&#039;s residents how Munich&#039;s digital designers are shaping the future of the internet hub with a unique trade fair. Around 80 events from over 50 organizers are listed in the central event calendar, connecting creatives, founders, and established large companies.<\/p>\n<h3 class=\"tribe-events-single-event-title summary entry-title\">Evening reception of the Munich Web Week in the Old Town Hall<\/h3>\n<p>The Munich Web Week evening reception on Wednesday, June 17, is sponsored by the City of Munich&#039;s Referat f\u00fcr Arbeit und Wirtschaft and is the central meeting place for all digital designers. In addition to various presentations and the opportunity to network with like-minded people, the Isarnetz Blog Award will be presented there.<\/p>\n<p>The Munich Web Week is significantly supported by <strong><a title=\"Referat f\u00fcr Arbeit und Wirtschaft\" href=\"https:\/\/www.muenchen.de\/rathaus\/Stadtverwaltung\/Referat-fuer-Arbeit-und-Wirtschaft.html\" target=\"_blank\" rel=\"noopener noreferrer\">Referat f\u00fcr Arbeit und Wirtschaft of the City of Munich<\/a><\/strong> as well as the <a title=\"Chamber of Commerce and Industry for Munich and Upper Bavaria\" href=\"https:\/\/www.ihk-muenchen.de\/de\/\" target=\"_blank\" rel=\"noopener noreferrer\"><strong>Chamber of Commerce and Industry for Munich and Upper Bavaria<\/strong><\/a>.<\/p>\n<\/div>","protected":false},"excerpt":{"rendered":"<p>The Munich Web Week connects the metropolitan region&#039;s digital designers and strengthens Munich as a center of technology and the Internet. Numerous events centered around the digital economy will take place at various locations in Munich until June 21, 2015. Isarnetz and its numerous partners aim to provide Munich residents with a trade fair of...<\/p>","protected":false},"author":22,"featured_media":895,"comment_status":"closed","ping_status":"closed","sticky":false,"template":"","format":"standard","meta":{"_acf_changed":false,"footnotes":""},"categories":[1,5635],"tags":[80,117,116,414],"acf":[],"yoast_head":"<!-- This site is optimized with the Yoast SEO plugin v26.1.1 - https:\/\/yoast.com\/wordpress\/plugins\/seo\/ -->\n<title>M\u00fcnchner Webwoche gestartet - Munich Startup<\/title>\n<meta name=\"description\" content=\"Die M\u00fcnchner Webwoche vernetzt die digitalen Gestalter der Metropolregion und st\u00e4rkt den Technik- und Internetstandort M\u00fcnchen.\" \/>\n<meta name=\"robots\" content=\"index, follow, max-snippet:-1, max-image-preview:large, max-video-preview:-1\" \/>\n<link rel=\"canonical\" href=\"https:\/\/cms.munich-startup.net\/en\/2385\/munich-web-week-launched\/\" \/>\n<meta property=\"og:locale\" content=\"en_US\" \/>\n<meta property=\"og:type\" content=\"article\" \/>\n<meta property=\"og:title\" content=\"M\u00fcnchner Webwoche gestartet - Munich Startup\" \/>\n<meta property=\"og:description\" content=\"Die M\u00fcnchner Webwoche vernetzt die digitalen Gestalter der Metropolregion und st\u00e4rkt den Technik- und Internetstandort M\u00fcnchen.\" \/>\n<meta property=\"og:url\" content=\"https:\/\/cms.munich-startup.net\/en\/2385\/munich-web-week-launched\/\" \/>\n<meta property=\"og:site_name\" content=\"Munich Startup\" \/>\n<meta property=\"article:publisher\" content=\"https:\/\/www.facebook.com\/munichstartup\/\" \/>\n<meta property=\"article:published_time\" content=\"2015-06-15T11:26:58+00:00\" \/>\n<meta property=\"article:modified_time\" content=\"2022-02-28T12:34:54+00:00\" \/>\n<meta name=\"author\" content=\"Helen Duran\" \/>\n<meta name=\"twitter:card\" content=\"summary_large_image\" \/>\n<meta name=\"twitter:creator\" content=\"@munich_startup\" \/>\n<meta name=\"twitter:site\" content=\"@munich_startup\" \/>\n<meta name=\"twitter:label1\" content=\"Written by\" \/>\n\t<meta name=\"twitter:data1\" content=\"Helen Duran\" \/>\n\t<meta name=\"twitter:label2\" content=\"Est. reading time\" \/>\n\t<meta name=\"twitter:data2\" content=\"1 minute\" \/>\n<script type=\"application\/ld+json\" class=\"yoast-schema-graph\">{\"@context\":\"https:\/\/schema.org\",\"@graph\":[{\"@type\":\"WebPage\",\"@id\":\"https:\/\/cms.munich-startup.net\/2385\/muenchner-webwoche-gestartet\/\",\"url\":\"https:\/\/cms.munich-startup.net\/2385\/muenchner-webwoche-gestartet\/\",\"name\":\"M\u00fcnchner Webwoche gestartet - Munich Startup\",\"isPartOf\":{\"@id\":\"https:\/\/cms.munich-startup.net\/#website\"},\"primaryImageOfPage\":{\"@id\":\"https:\/\/cms.munich-startup.net\/2385\/muenchner-webwoche-gestartet\/#primaryimage\"},\"image\":{\"@id\":\"https:\/\/cms.munich-startup.net\/2385\/muenchner-webwoche-gestartet\/#primaryimage\"},\"thumbnailUrl\":\"https:\/\/cms.munich-startup.net\/wp-content\/uploads\/2015\/03\/Banner-Webwoche.jpg\",\"datePublished\":\"2015-06-15T11:26:58+00:00\",\"dateModified\":\"2022-02-28T12:34:54+00:00\",\"author\":{\"@id\":\"https:\/\/cms.munich-startup.net\/#\/schema\/person\/9475cba0d0a1c75be607e20a2173385e\"},\"description\":\"Die M\u00fcnchner Webwoche vernetzt die digitalen Gestalter der Metropolregion und st\u00e4rkt den Technik- und Internetstandort M\u00fcnchen.\",\"breadcrumb\":{\"@id\":\"https:\/\/cms.munich-startup.net\/2385\/muenchner-webwoche-gestartet\/#breadcrumb\"},\"inLanguage\":\"en-US\",\"potentialAction\":[{\"@type\":\"ReadAction\",\"target\":[\"https:\/\/cms.munich-startup.net\/2385\/muenchner-webwoche-gestartet\/\"]}]},{\"@type\":\"ImageObject\",\"inLanguage\":\"en-US\",\"@id\":\"https:\/\/cms.munich-startup.net\/2385\/muenchner-webwoche-gestartet\/#primaryimage\",\"url\":\"https:\/\/cms.munich-startup.net\/wp-content\/uploads\/2015\/03\/Banner-Webwoche.jpg\",\"contentUrl\":\"https:\/\/cms.munich-startup.net\/wp-content\/uploads\/2015\/03\/Banner-Webwoche.jpg\",\"width\":1732,\"height\":725,\"caption\":\"M\u00fcnchner Webwoche\"},{\"@type\":\"BreadcrumbList\",\"@id\":\"https:\/\/cms.munich-startup.net\/2385\/muenchner-webwoche-gestartet\/#breadcrumb\",\"itemListElement\":[{\"@type\":\"ListItem\",\"position\":1,\"name\":\"Home\",\"item\":\"https:\/\/cms.munich-startup.net\/\"},{\"@type\":\"ListItem\",\"position\":2,\"name\":\"M\u00fcnchner Webwoche gestartet\"}]},{\"@type\":\"WebSite\",\"@id\":\"https:\/\/cms.munich-startup.net\/#website\",\"url\":\"https:\/\/cms.munich-startup.net\/\",\"name\":\"Munich Startup\",\"description\":\"Das offizielle Startup-Portal f\u00fcr M\u00fcnchen\",\"potentialAction\":[{\"@type\":\"SearchAction\",\"target\":{\"@type\":\"EntryPoint\",\"urlTemplate\":\"https:\/\/cms.munich-startup.net\/?s={search_term_string}\"},\"query-input\":{\"@type\":\"PropertyValueSpecification\",\"valueRequired\":true,\"valueName\":\"search_term_string\"}}],\"inLanguage\":\"en-US\"},{\"@type\":\"Person\",\"@id\":\"https:\/\/cms.munich-startup.net\/#\/schema\/person\/9475cba0d0a1c75be607e20a2173385e\",\"name\":\"Helen Duran\",\"image\":{\"@type\":\"ImageObject\",\"inLanguage\":\"en-US\",\"@id\":\"https:\/\/cms.munich-startup.net\/#\/schema\/person\/image\/\",\"url\":\"https:\/\/secure.gravatar.com\/avatar\/d704a78753d0b0da6407ce5550638f3d?s=96&d=blank&r=g\",\"contentUrl\":\"https:\/\/secure.gravatar.com\/avatar\/d704a78753d0b0da6407ce5550638f3d?s=96&d=blank&r=g\",\"caption\":\"Helen Duran\"},\"description\":\"Als Redakteurin ist die Wirtschaftsgeografin Helen Duran seit 2015 f\u00fcr Euch in der hiesigen Gr\u00fcnderszene unterwegs. Sie ist neugierig auf Eure spannenden Startup-Geschichten!\",\"url\":\"https:\/\/cms.munich-startup.net\/en\/author\/huettl\/\"}]}<\/script>\n<meta property=\"og:image\" content=\"https:\/\/cms.munich-startup.net\/en\/wp-content\/uploads\/2015\/03\/Banner-Webwoche.jpg\" \/>\n\t<meta property=\"og:image:width\" content=\"1732\" \/>\n\t<meta property=\"og:image:height\" content=\"725\" \/>\n\t<meta property=\"og:image:type\" content=\"image\/jpeg\" \/>\n<!-- \/ Yoast SEO plugin. -->","yoast_head_json":{"title":"Munich Web Week launched - Munich Startup","description":"The Munich Web Week connects the digital designers of the metropolitan region and strengthens Munich as a technology and internet location.","robots":{"index":"index","follow":"follow","max-snippet":"max-snippet:-1","max-image-preview":"max-image-preview:large","max-video-preview":"max-video-preview:-1"},"canonical":"https:\/\/cms.munich-startup.net\/en\/2385\/munich-web-week-launched\/","og_locale":"en_US","og_type":"article","og_title":"M\u00fcnchner Webwoche gestartet - Munich Startup","og_description":"Die M\u00fcnchner Webwoche vernetzt die digitalen Gestalter der Metropolregion und st\u00e4rkt den Technik- und Internetstandort M\u00fcnchen.","og_url":"https:\/\/cms.munich-startup.net\/en\/2385\/munich-web-week-launched\/","og_site_name":"Munich Startup","article_publisher":"https:\/\/www.facebook.com\/munichstartup\/","article_published_time":"2015-06-15T11:26:58+00:00","article_modified_time":"2022-02-28T12:34:54+00:00","author":"Helen Duran","twitter_card":"summary_large_image","twitter_creator":"@munich_startup","twitter_site":"@munich_startup","twitter_misc":{"Written by":"Helen Duran","Est. reading time":"1 minute"},"schema":{"@context":"https:\/\/schema.org","@graph":[{"@type":"WebPage","@id":"https:\/\/cms.munich-startup.net\/2385\/muenchner-webwoche-gestartet\/","url":"https:\/\/cms.munich-startup.net\/2385\/muenchner-webwoche-gestartet\/","name":"Munich Web Week launched - Munich Startup","isPartOf":{"@id":"https:\/\/cms.munich-startup.net\/#website"},"primaryImageOfPage":{"@id":"https:\/\/cms.munich-startup.net\/2385\/muenchner-webwoche-gestartet\/#primaryimage"},"image":{"@id":"https:\/\/cms.munich-startup.net\/2385\/muenchner-webwoche-gestartet\/#primaryimage"},"thumbnailUrl":"https:\/\/cms.munich-startup.net\/wp-content\/uploads\/2015\/03\/Banner-Webwoche.jpg","datePublished":"2015-06-15T11:26:58+00:00","dateModified":"2022-02-28T12:34:54+00:00","author":{"@id":"https:\/\/cms.munich-startup.net\/#\/schema\/person\/9475cba0d0a1c75be607e20a2173385e"},"description":"The Munich Web Week connects the digital designers of the metropolitan region and strengthens Munich as a technology and internet location.","breadcrumb":{"@id":"https:\/\/cms.munich-startup.net\/2385\/muenchner-webwoche-gestartet\/#breadcrumb"},"inLanguage":"en-US","potentialAction":[{"@type":"ReadAction","target":["https:\/\/cms.munich-startup.net\/2385\/muenchner-webwoche-gestartet\/"]}]},{"@type":"ImageObject","inLanguage":"en-US","@id":"https:\/\/cms.munich-startup.net\/2385\/muenchner-webwoche-gestartet\/#primaryimage","url":"https:\/\/cms.munich-startup.net\/wp-content\/uploads\/2015\/03\/Banner-Webwoche.jpg","contentUrl":"https:\/\/cms.munich-startup.net\/wp-content\/uploads\/2015\/03\/Banner-Webwoche.jpg","width":1732,"height":725,"caption":"M\u00fcnchner Webwoche"},{"@type":"BreadcrumbList","@id":"https:\/\/cms.munich-startup.net\/2385\/muenchner-webwoche-gestartet\/#breadcrumb","itemListElement":[{"@type":"ListItem","position":1,"name":"Home","item":"https:\/\/cms.munich-startup.net\/"},{"@type":"ListItem","position":2,"name":"M\u00fcnchner Webwoche gestartet"}]},{"@type":"WebSite","@id":"https:\/\/cms.munich-startup.net\/#website","url":"https:\/\/cms.munich-startup.net\/","name":"Munich Startup","description":"The official startup portal for Munich","potentialAction":[{"@type":"SearchAction","target":{"@type":"EntryPoint","urlTemplate":"https:\/\/cms.munich-startup.net\/?s={search_term_string}"},"query-input":{"@type":"PropertyValueSpecification","valueRequired":true,"valueName":"search_term_string"}}],"inLanguage":"en-US"},{"@type":"Person","@id":"https:\/\/cms.munich-startup.net\/#\/schema\/person\/9475cba0d0a1c75be607e20a2173385e","name":"Helen Duran","image":{"@type":"ImageObject","inLanguage":"en-US","@id":"https:\/\/cms.munich-startup.net\/#\/schema\/person\/image\/","url":"https:\/\/secure.gravatar.com\/avatar\/d704a78753d0b0da6407ce5550638f3d?s=96&d=blank&r=g","contentUrl":"https:\/\/secure.gravatar.com\/avatar\/d704a78753d0b0da6407ce5550638f3d?s=96&d=blank&r=g","caption":"Helen Duran"},"description":"As an editor, economic geographer Helen Duran has been working for you in the local startup scene since 2015. She&#039;s curious to hear your exciting startup stories!","url":"https:\/\/cms.munich-startup.net\/en\/author\/huettl\/"}]},"og_image":[{"width":1732,"height":725,"url":"https:\/\/cms.munich-startup.net\/wp-content\/uploads\/2015\/03\/Banner-Webwoche.jpg","type":"image\/jpeg"}]},"_showyear":"","_inactive":"","_show_financing":"","_hide_on_map":"","_edit_lock":"1646051694:38","_edit_last":"38","_yoast_wpseo_focuskw":"webwoche","_yoast_wpseo_metadesc":"Die M\u00fcnchner Webwoche vernetzt die digitalen Gestalter der Metropolregion und st\u00e4rkt den Technik- und Internetstandort M\u00fcnchen.","_yoast_wpseo_linkdex":"60","_thumbnail_id":"895","wbounce_status":"default","_yoast_wpseo_primary_category":"5635","_yoast_wpseo_focuskw_text_input":"","_yoast_wpseo_content_score":"30","ms_image_format":"contentwidth","_ms_image_format":"field_5cb8587572c8b","ms_dachzeile":"","_ms_dachzeile":"field_5cd9b7f365df5","ms_bump_post_date":"","_ms_bump_post_date":"field_5d1341edcf42a","guest_author_name":"","_guest_author_name":"field_5cee78a6016f9","guest_author_image":"","_guest_author_image":"field_5cee7914016fb","guest_author_description":"","_guest_author_description":"field_5cee78dd016fa","ms_post_image_caption":"","_ms_post_image_caption":"field_5f735b0735284","ms_post_image_credit":"","_ms_post_image_credit":"field_5f735b1435285","suppress_startupbox":"0","_suppress_startupbox":"field_60a64b0b6efc6","_yoast_wpseo_estimated-reading-time-minutes":"1","_wp_old_date":"","_yoast_wpseo_title":"","_yoast_wpseo_wordproof_timestamp":"","footnotes":"","easy_language_simplification_original_id":"","easy_language_source_language":"","easy_language_simplification_language":"","easy_language_api":"","easy_language_prevent_automatic_mode":"","_wp_old_slug":"","_wp_trash_meta_status":"","_wp_trash_meta_time":"","easy_language_simplification_state_changed_from":"","easy_language_de_EL_changed":"","ms_competition_deadline":"","_ms_competition_deadline":"","_wpbitly":"","enclosure":"","_yoast_wpseo_meta-robots-noindex":"","_yoast_wpseo_meta-robots-nofollow":"","wbounce_template":"","wbounce_title":"","wbounce_text":"","wbounce_cta":"","wbounce_url":"","wbounce_override":"","_yoast_wpseo_opengraph-title":"","_yoast_wpseo_opengraph-description":"","_oembed_7131efca3705e16bd9da2c41df237660":"","_oembed_time_7131efca3705e16bd9da2c41df237660":"","_pprredirect_type":"","_pprredirect_url":"","_yoast_wpseo_opengraph-image":"","_yoast_wpseo_opengraph-image-id":"","_newsletterglue":"","easy_language_text_language":"","_wp_desired_post_slug":"","_relevanssi_noindex_reason":"","_links":{"self":[{"href":"https:\/\/cms.munich-startup.net\/en\/wp-json\/wp\/v2\/posts\/2385"}],"collection":[{"href":"https:\/\/cms.munich-startup.net\/en\/wp-json\/wp\/v2\/posts"}],"about":[{"href":"https:\/\/cms.munich-startup.net\/en\/wp-json\/wp\/v2\/types\/post"}],"author":[{"embeddable":true,"href":"https:\/\/cms.munich-startup.net\/en\/wp-json\/wp\/v2\/users\/22"}],"replies":[{"embeddable":true,"href":"https:\/\/cms.munich-startup.net\/en\/wp-json\/wp\/v2\/comments?post=2385"}],"version-history":[{"count":4,"href":"https:\/\/cms.munich-startup.net\/en\/wp-json\/wp\/v2\/posts\/2385\/revisions"}],"predecessor-version":[{"id":80287,"href":"https:\/\/cms.munich-startup.net\/en\/wp-json\/wp\/v2\/posts\/2385\/revisions\/80287"}],"wp:featuredmedia":[{"embeddable":true,"href":"https:\/\/cms.munich-startup.net\/en\/wp-json\/wp\/v2\/media\/895"}],"wp:attachment":[{"href":"https:\/\/cms.munich-startup.net\/en\/wp-json\/wp\/v2\/media?parent=2385"}],"wp:term":[{"taxonomy":"category","embeddable":true,"href":"https:\/\/cms.munich-startup.net\/en\/wp-json\/wp\/v2\/categories?post=2385"},{"taxonomy":"post_tag","embeddable":true,"href":"https:\/\/cms.munich-startup.net\/en\/wp-json\/wp\/v2\/tags?post=2385"}],"curies":[{"name":"wp","href":"https:\/\/api.w.org\/{rel}","templated":true}]}}