{"id":1390,"date":"2015-04-16T11:26:55","date_gmt":"2015-04-16T09:26:55","guid":{"rendered":"http:\/\/cms.munich-startup.net\/?p=1390"},"modified":"2021-03-30T13:56:14","modified_gmt":"2021-03-30T11:56:14","slug":"munich-web-week-2015","status":"publish","type":"post","link":"https:\/\/cms.munich-startup.net\/en\/1390\/munich-web-week-2015\/","title":{"rendered":"Become part of the Munich Web Week 2015!"},"content":{"rendered":"<div class=\"entry-content\"><p><strong>The Munich Web Week connects the metropolitan region&#039;s digital designers and strengthens Munich as a technology and internet hub. Become part of the 4th Munich Web Week from June 13-21, 2015.<\/strong><\/p>\n<p>Web Week is supported by Munich-based organizations and companies that aim to strengthen the digital economy in Munich and better connect its stakeholders. For one week, events centered around the Internet and digital topics will take place at various locations in Munich. The events are organized and conducted by the organizations themselves. <a href=\"https:\/\/mucdigital.de\/\" target=\"_blank\" rel=\"noopener noreferrer\">Website<\/a> serves as a central event calendar.<\/p>\n<p><iframe title=\"This is the Munich Web Week\" width=\"500\" height=\"281\" src=\"https:\/\/www.youtube.com\/embed\/KjprzLwuemA?feature=oembed\" frameborder=\"0\" allow=\"accelerometer; autoplay; clipboard-write; encrypted-media; gyroscope; picture-in-picture; web-share\" referrerpolicy=\"strict-origin-when-cross-origin\" allowfullscreen><\/iframe><\/p>\n<h3>Munich Web Week 2015: Evening reception at the Old Town Hall<\/h3>\n<p><strong>Highlights such as a transmedia hackathon on the topic of virtual reality or a CTO night for startups have already been confirmed.<\/strong> Also the <strong>Evening reception in the Old Town Hall<\/strong> the city of Munich will be there again.<\/p>\n<p>The <a title=\"Initiators Isarnetz\" href=\"https:\/\/mucdigital.de\/\" target=\"_blank\" rel=\"noopener noreferrer\"><strong>Initiators of Isarnetz<\/strong><\/a> We call on all Munich companies, networks, universities, startups, media and creatives to show the people of Munich what Munich has to offer in the digital space in workshops, lectures, events, hackathons, tweetups or other formats!<\/p>\n<p>In addition to organizers, <strong>Sponsors<\/strong> and <strong>helper<\/strong> The Munich Web Week is significantly supported by <strong><a title=\"Referat f\u00fcr Arbeit und Wirtschaft\" href=\"\/en\/ecosystem\/department-of-labor-and-economics\/\" target=\"_blank\" rel=\"noopener noreferrer\">Referat f\u00fcr Arbeit und Wirtschaft of the City of Munich<\/a><\/strong> as well as the <a title=\"Chamber of Commerce and Industry for Munich and Upper Bavaria\" href=\"https:\/\/www.ihk-muenchen.de\/de\/\" target=\"_blank\" rel=\"noopener noreferrer\"><strong>Chamber of Commerce and Industry for Munich and Upper Bavaria<\/strong><\/a>.<\/p>\n<\/div>","protected":false},"excerpt":{"rendered":"<p>The Munich Web Week connects the metropolitan region&#039;s digital designers and strengthens Munich as a center of technology and the internet. Join the 4th Munich Web Week from June 13-21, 2015. The Web Week is supported by Munich-based organizations and companies that want to strengthen the digital economy in Munich and better connect its players. One week...<\/p>","protected":false},"author":3,"featured_media":895,"comment_status":"closed","ping_status":"closed","sticky":false,"template":"","format":"standard","meta":{"_acf_changed":false,"footnotes":""},"categories":[5638,1],"tags":[90,116],"acf":[],"yoast_head":"<!-- This site is optimized with the Yoast SEO plugin v26.1.1 - https:\/\/yoast.com\/wordpress\/plugins\/seo\/ -->\n<title>Werde Teil der M\u00fcnchner Webwoche 2015! - Munich Startup<\/title>\n<meta name=\"description\" content=\"Auf der M\u00fcnchner Webwoche finden eine Woche lang an verschiedenen Standorten in M\u00fcnchen Veranstaltungen rund um die Themen Internet und Digitales statt.\" \/>\n<meta name=\"robots\" content=\"index, follow, max-snippet:-1, max-image-preview:large, max-video-preview:-1\" \/>\n<link rel=\"canonical\" href=\"https:\/\/cms.munich-startup.net\/en\/1390\/munich-web-week-2015\/\" \/>\n<meta property=\"og:locale\" content=\"en_US\" \/>\n<meta property=\"og:type\" content=\"article\" \/>\n<meta property=\"og:title\" content=\"Werde Teil der M\u00fcnchner Webwoche 2015! - Munich Startup\" \/>\n<meta property=\"og:description\" content=\"Auf der M\u00fcnchner Webwoche finden eine Woche lang an verschiedenen Standorten in M\u00fcnchen Veranstaltungen rund um die Themen Internet und Digitales statt.\" \/>\n<meta property=\"og:url\" content=\"https:\/\/cms.munich-startup.net\/en\/1390\/munich-web-week-2015\/\" \/>\n<meta property=\"og:site_name\" content=\"Munich Startup\" \/>\n<meta property=\"article:publisher\" content=\"https:\/\/www.facebook.com\/munichstartup\/\" \/>\n<meta property=\"article:author\" content=\"https:\/\/www.facebook.com\/profile.php?id=100009572160192\" \/>\n<meta property=\"article:published_time\" content=\"2015-04-16T09:26:55+00:00\" \/>\n<meta property=\"article:modified_time\" content=\"2021-03-30T11:56:14+00:00\" \/>\n<meta name=\"author\" content=\"Florian Deglmann\" \/>\n<meta name=\"twitter:card\" content=\"summary_large_image\" \/>\n<meta name=\"twitter:creator\" content=\"@FlorianDeglmann\" \/>\n<meta name=\"twitter:site\" content=\"@munich_startup\" \/>\n<meta name=\"twitter:label1\" content=\"Written by\" \/>\n\t<meta name=\"twitter:data1\" content=\"Florian Deglmann\" \/>\n\t<meta name=\"twitter:label2\" content=\"Est. reading time\" \/>\n\t<meta name=\"twitter:data2\" content=\"1 minute\" \/>\n<script type=\"application\/ld+json\" class=\"yoast-schema-graph\">{\"@context\":\"https:\/\/schema.org\",\"@graph\":[{\"@type\":\"WebPage\",\"@id\":\"https:\/\/cms.munich-startup.net\/1390\/muenchner-webwoche-2015\/\",\"url\":\"https:\/\/cms.munich-startup.net\/1390\/muenchner-webwoche-2015\/\",\"name\":\"Werde Teil der M\u00fcnchner Webwoche 2015! - Munich Startup\",\"isPartOf\":{\"@id\":\"https:\/\/cms.munich-startup.net\/#website\"},\"primaryImageOfPage\":{\"@id\":\"https:\/\/cms.munich-startup.net\/1390\/muenchner-webwoche-2015\/#primaryimage\"},\"image\":{\"@id\":\"https:\/\/cms.munich-startup.net\/1390\/muenchner-webwoche-2015\/#primaryimage\"},\"thumbnailUrl\":\"https:\/\/cms.munich-startup.net\/wp-content\/uploads\/2015\/03\/Banner-Webwoche.jpg\",\"datePublished\":\"2015-04-16T09:26:55+00:00\",\"dateModified\":\"2021-03-30T11:56:14+00:00\",\"author\":{\"@id\":\"https:\/\/cms.munich-startup.net\/#\/schema\/person\/2371b77bb47cd783e9e1f88e88d9f251\"},\"description\":\"Auf der M\u00fcnchner Webwoche finden eine Woche lang an verschiedenen Standorten in M\u00fcnchen Veranstaltungen rund um die Themen Internet und Digitales statt.\",\"breadcrumb\":{\"@id\":\"https:\/\/cms.munich-startup.net\/1390\/muenchner-webwoche-2015\/#breadcrumb\"},\"inLanguage\":\"en-US\",\"potentialAction\":[{\"@type\":\"ReadAction\",\"target\":[\"https:\/\/cms.munich-startup.net\/1390\/muenchner-webwoche-2015\/\"]}]},{\"@type\":\"ImageObject\",\"inLanguage\":\"en-US\",\"@id\":\"https:\/\/cms.munich-startup.net\/1390\/muenchner-webwoche-2015\/#primaryimage\",\"url\":\"https:\/\/cms.munich-startup.net\/wp-content\/uploads\/2015\/03\/Banner-Webwoche.jpg\",\"contentUrl\":\"https:\/\/cms.munich-startup.net\/wp-content\/uploads\/2015\/03\/Banner-Webwoche.jpg\",\"width\":1732,\"height\":725,\"caption\":\"M\u00fcnchner Webwoche\"},{\"@type\":\"BreadcrumbList\",\"@id\":\"https:\/\/cms.munich-startup.net\/1390\/muenchner-webwoche-2015\/#breadcrumb\",\"itemListElement\":[{\"@type\":\"ListItem\",\"position\":1,\"name\":\"Home\",\"item\":\"https:\/\/cms.munich-startup.net\/\"},{\"@type\":\"ListItem\",\"position\":2,\"name\":\"Werde Teil der M\u00fcnchner Webwoche 2015!\"}]},{\"@type\":\"WebSite\",\"@id\":\"https:\/\/cms.munich-startup.net\/#website\",\"url\":\"https:\/\/cms.munich-startup.net\/\",\"name\":\"Munich Startup\",\"description\":\"Das offizielle Startup-Portal f\u00fcr M\u00fcnchen\",\"potentialAction\":[{\"@type\":\"SearchAction\",\"target\":{\"@type\":\"EntryPoint\",\"urlTemplate\":\"https:\/\/cms.munich-startup.net\/?s={search_term_string}\"},\"query-input\":{\"@type\":\"PropertyValueSpecification\",\"valueRequired\":true,\"valueName\":\"search_term_string\"}}],\"inLanguage\":\"en-US\"},{\"@type\":\"Person\",\"@id\":\"https:\/\/cms.munich-startup.net\/#\/schema\/person\/2371b77bb47cd783e9e1f88e88d9f251\",\"name\":\"Florian Deglmann\",\"image\":{\"@type\":\"ImageObject\",\"inLanguage\":\"en-US\",\"@id\":\"https:\/\/cms.munich-startup.net\/#\/schema\/person\/image\/\",\"url\":\"https:\/\/secure.gravatar.com\/avatar\/1e3087740aeaedbec23f0c7300f1beeb?s=96&d=blank&r=g\",\"contentUrl\":\"https:\/\/secure.gravatar.com\/avatar\/1e3087740aeaedbec23f0c7300f1beeb?s=96&d=blank&r=g\",\"caption\":\"Florian Deglmann\"},\"description\":\"Der Exil-N\u00fcrnberger erforschte bis April 2019 als Redakteur die M\u00fcnchner Startup-Szene.\",\"sameAs\":[\"http:\/\/cms.munich-startup.net\",\"https:\/\/www.facebook.com\/profile.php?id=100009572160192\",\"https:\/\/x.com\/FlorianDeglmann\"],\"url\":\"https:\/\/cms.munich-startup.net\/en\/author\/deglmann\/\"}]}<\/script>\n<meta property=\"og:image\" content=\"https:\/\/cms.munich-startup.net\/en\/wp-content\/uploads\/2015\/03\/Banner-Webwoche.jpg\" \/>\n\t<meta property=\"og:image:width\" content=\"1732\" \/>\n\t<meta property=\"og:image:height\" content=\"725\" \/>\n\t<meta property=\"og:image:type\" content=\"image\/jpeg\" \/>\n<!-- \/ Yoast SEO plugin. -->","yoast_head_json":{"title":"Become part of Munich Web Week 2015! - Munich Startup","description":"During the Munich Web Week, events on the topics of internet and digital technology will take place at various locations in Munich for a week.","robots":{"index":"index","follow":"follow","max-snippet":"max-snippet:-1","max-image-preview":"max-image-preview:large","max-video-preview":"max-video-preview:-1"},"canonical":"https:\/\/cms.munich-startup.net\/en\/1390\/munich-web-week-2015\/","og_locale":"en_US","og_type":"article","og_title":"Werde Teil der M\u00fcnchner Webwoche 2015! - Munich Startup","og_description":"Auf der M\u00fcnchner Webwoche finden eine Woche lang an verschiedenen Standorten in M\u00fcnchen Veranstaltungen rund um die Themen Internet und Digitales statt.","og_url":"https:\/\/cms.munich-startup.net\/en\/1390\/munich-web-week-2015\/","og_site_name":"Munich Startup","article_publisher":"https:\/\/www.facebook.com\/munichstartup\/","article_author":"https:\/\/www.facebook.com\/profile.php?id=100009572160192","article_published_time":"2015-04-16T09:26:55+00:00","article_modified_time":"2021-03-30T11:56:14+00:00","author":"Florian Deglmann","twitter_card":"summary_large_image","twitter_creator":"@FlorianDeglmann","twitter_site":"@munich_startup","twitter_misc":{"Written by":"Florian Deglmann","Est. reading time":"1 minute"},"schema":{"@context":"https:\/\/schema.org","@graph":[{"@type":"WebPage","@id":"https:\/\/cms.munich-startup.net\/1390\/muenchner-webwoche-2015\/","url":"https:\/\/cms.munich-startup.net\/1390\/muenchner-webwoche-2015\/","name":"Become part of Munich Web Week 2015! - Munich Startup","isPartOf":{"@id":"https:\/\/cms.munich-startup.net\/#website"},"primaryImageOfPage":{"@id":"https:\/\/cms.munich-startup.net\/1390\/muenchner-webwoche-2015\/#primaryimage"},"image":{"@id":"https:\/\/cms.munich-startup.net\/1390\/muenchner-webwoche-2015\/#primaryimage"},"thumbnailUrl":"https:\/\/cms.munich-startup.net\/wp-content\/uploads\/2015\/03\/Banner-Webwoche.jpg","datePublished":"2015-04-16T09:26:55+00:00","dateModified":"2021-03-30T11:56:14+00:00","author":{"@id":"https:\/\/cms.munich-startup.net\/#\/schema\/person\/2371b77bb47cd783e9e1f88e88d9f251"},"description":"During the Munich Web Week, events on the topics of internet and digital technology will take place at various locations in Munich for a week.","breadcrumb":{"@id":"https:\/\/cms.munich-startup.net\/1390\/muenchner-webwoche-2015\/#breadcrumb"},"inLanguage":"en-US","potentialAction":[{"@type":"ReadAction","target":["https:\/\/cms.munich-startup.net\/1390\/muenchner-webwoche-2015\/"]}]},{"@type":"ImageObject","inLanguage":"en-US","@id":"https:\/\/cms.munich-startup.net\/1390\/muenchner-webwoche-2015\/#primaryimage","url":"https:\/\/cms.munich-startup.net\/wp-content\/uploads\/2015\/03\/Banner-Webwoche.jpg","contentUrl":"https:\/\/cms.munich-startup.net\/wp-content\/uploads\/2015\/03\/Banner-Webwoche.jpg","width":1732,"height":725,"caption":"M\u00fcnchner Webwoche"},{"@type":"BreadcrumbList","@id":"https:\/\/cms.munich-startup.net\/1390\/muenchner-webwoche-2015\/#breadcrumb","itemListElement":[{"@type":"ListItem","position":1,"name":"Home","item":"https:\/\/cms.munich-startup.net\/"},{"@type":"ListItem","position":2,"name":"Werde Teil der M\u00fcnchner Webwoche 2015!"}]},{"@type":"WebSite","@id":"https:\/\/cms.munich-startup.net\/#website","url":"https:\/\/cms.munich-startup.net\/","name":"Munich Startup","description":"The official startup portal for Munich","potentialAction":[{"@type":"SearchAction","target":{"@type":"EntryPoint","urlTemplate":"https:\/\/cms.munich-startup.net\/?s={search_term_string}"},"query-input":{"@type":"PropertyValueSpecification","valueRequired":true,"valueName":"search_term_string"}}],"inLanguage":"en-US"},{"@type":"Person","@id":"https:\/\/cms.munich-startup.net\/#\/schema\/person\/2371b77bb47cd783e9e1f88e88d9f251","name":"Florian Deglmann","image":{"@type":"ImageObject","inLanguage":"en-US","@id":"https:\/\/cms.munich-startup.net\/#\/schema\/person\/image\/","url":"https:\/\/secure.gravatar.com\/avatar\/1e3087740aeaedbec23f0c7300f1beeb?s=96&d=blank&r=g","contentUrl":"https:\/\/secure.gravatar.com\/avatar\/1e3087740aeaedbec23f0c7300f1beeb?s=96&d=blank&r=g","caption":"Florian Deglmann"},"description":"The exiled Nuremberg resident researched the Munich startup scene as an editor until April 2019.","sameAs":["http:\/\/cms.munich-startup.net","https:\/\/www.facebook.com\/profile.php?id=100009572160192","https:\/\/x.com\/FlorianDeglmann"],"url":"https:\/\/cms.munich-startup.net\/en\/author\/deglmann\/"}]},"og_image":[{"width":1732,"height":725,"url":"https:\/\/cms.munich-startup.net\/wp-content\/uploads\/2015\/03\/Banner-Webwoche.jpg","type":"image\/jpeg"}]},"_showyear":"","_inactive":"","_show_financing":"","_hide_on_map":"","_edit_lock":"1551275026:3","_edit_last":"3","_yoast_wpseo_focuskw":"M\u00fcnchner Webwoche","_yoast_wpseo_metadesc":"Auf der M\u00fcnchner Webwoche finden eine Woche lang an verschiedenen Standorten in M\u00fcnchen Veranstaltungen rund um die Themen Internet und Digitales statt.","_yoast_wpseo_linkdex":"73","_thumbnail_id":"895","wbounce_status":"default","_yoast_wpseo_primary_category":"","_yoast_wpseo_focuskw_text_input":"M\u00fcnchner Webwoche","_yoast_wpseo_content_score":"30","ms_image_format":"","_ms_image_format":"","ms_dachzeile":"","_ms_dachzeile":"","ms_bump_post_date":"","_ms_bump_post_date":"","guest_author_name":"","_guest_author_name":"","guest_author_image":"","_guest_author_image":"","guest_author_description":"","_guest_author_description":"","ms_post_image_caption":"","_ms_post_image_caption":"","ms_post_image_credit":"","_ms_post_image_credit":"","suppress_startupbox":"","_suppress_startupbox":"","_yoast_wpseo_estimated-reading-time-minutes":"","_wp_old_date":"","_yoast_wpseo_title":"","_yoast_wpseo_wordproof_timestamp":"","footnotes":"","easy_language_simplification_original_id":"","easy_language_source_language":"","easy_language_simplification_language":"","easy_language_api":"","easy_language_prevent_automatic_mode":"","_wp_old_slug":"werden-sie-teil-der-muenchner-webwoche-2015","_wp_trash_meta_status":"","_wp_trash_meta_time":"","easy_language_simplification_state_changed_from":"","easy_language_de_EL_changed":"","ms_competition_deadline":"","_ms_competition_deadline":"","_wpbitly":"","enclosure":"","_yoast_wpseo_meta-robots-noindex":"","_yoast_wpseo_meta-robots-nofollow":"","wbounce_template":"","wbounce_title":"","wbounce_text":"","wbounce_cta":"","wbounce_url":"","wbounce_override":"","_yoast_wpseo_opengraph-title":"","_yoast_wpseo_opengraph-description":"","_oembed_7131efca3705e16bd9da2c41df237660":"","_oembed_time_7131efca3705e16bd9da2c41df237660":"","_pprredirect_type":"","_pprredirect_url":"","_yoast_wpseo_opengraph-image":"","_yoast_wpseo_opengraph-image-id":"","_newsletterglue":"","easy_language_text_language":"","_wp_desired_post_slug":"","_relevanssi_noindex_reason":"","_links":{"self":[{"href":"https:\/\/cms.munich-startup.net\/en\/wp-json\/wp\/v2\/posts\/1390"}],"collection":[{"href":"https:\/\/cms.munich-startup.net\/en\/wp-json\/wp\/v2\/posts"}],"about":[{"href":"https:\/\/cms.munich-startup.net\/en\/wp-json\/wp\/v2\/types\/post"}],"author":[{"embeddable":true,"href":"https:\/\/cms.munich-startup.net\/en\/wp-json\/wp\/v2\/users\/3"}],"replies":[{"embeddable":true,"href":"https:\/\/cms.munich-startup.net\/en\/wp-json\/wp\/v2\/comments?post=1390"}],"version-history":[{"count":2,"href":"https:\/\/cms.munich-startup.net\/en\/wp-json\/wp\/v2\/posts\/1390\/revisions"}],"predecessor-version":[{"id":70409,"href":"https:\/\/cms.munich-startup.net\/en\/wp-json\/wp\/v2\/posts\/1390\/revisions\/70409"}],"wp:featuredmedia":[{"embeddable":true,"href":"https:\/\/cms.munich-startup.net\/en\/wp-json\/wp\/v2\/media\/895"}],"wp:attachment":[{"href":"https:\/\/cms.munich-startup.net\/en\/wp-json\/wp\/v2\/media?parent=1390"}],"wp:term":[{"taxonomy":"category","embeddable":true,"href":"https:\/\/cms.munich-startup.net\/en\/wp-json\/wp\/v2\/categories?post=1390"},{"taxonomy":"post_tag","embeddable":true,"href":"https:\/\/cms.munich-startup.net\/en\/wp-json\/wp\/v2\/tags?post=1390"}],"curies":[{"name":"wp","href":"https:\/\/api.w.org\/{rel}","templated":true}]}}