{"id":110928,"date":"2025-07-10T12:00:00","date_gmt":"2025-07-10T10:00:00","guid":{"rendered":"https:\/\/cms.munich-startup.net\/?p=110928"},"modified":"2025-07-09T12:19:45","modified_gmt":"2025-07-09T10:19:45","slug":"social-startup-hub-bavaria","status":"publish","type":"post","link":"https:\/\/cms.munich-startup.net\/en\/110928\/social-startup-hub-bavaria\/","title":{"rendered":"Social-Startup-Hub Bayern: Start-up support for founders who want to do good"},"content":{"rendered":"<div class=\"entry-content\">\n<p><strong><em>Munich Startup:<\/em><\/strong> <strong>Please introduce yourselves briefly.<\/strong><\/p>\n\n\n\n<p><em>Anne D\u00f6rner:<\/em> The Social-Startup-Hub Bayern (<a href=\"\/en\/startups\/social-startup-hub-bavaria\/?brly_source=branchly&amp;brly_medium=search\">SSHB<\/a>) is the contact point for all those who want to do something good for society with their start-up and want to develop a viable business model from it. <a href=\"\/en\/86736\/social-startup-hub-bavaria-kick-off\/?brly_source=branchly&amp;brly_medium=search\">Since autumn 2022<\/a> We support prospective and aspiring founders from all over Bavaria free of charge, starting from the early idea phase. The SSHB is sponsored by Social Entrepreneurship Akademie (SEA). We combine training opportunities, start-up support, a broad network, and over 15 years of experience as a pioneering organization in the field of social entrepreneurship \u2013 bringing together people who want to help shape social change. Our focus is always on empowering people to develop innovative solutions that are economically viable, socially effective, and ecologically sustainable.<\/p>\n\n\n\n<h2 class=\"wp-block-heading\"><strong>Why the Social-Startup-Hub Bayern is needed<\/strong><\/h2>\n\n\n\n<p><strong><em>Munich Startup:<\/em><\/strong> <strong>What was the trigger for the founding of Social-Startup-Hub Bayern \u2013 and what gap did you want to fill with it?<\/strong><\/p>\n\n\n\n<p><em>Anne D\u00f6rner:<\/em> For a long time, Bavaria lacked a central contact point for supporting social startups that could identify and promote startup potential from the early idea phase. To close this gap, the <a href=\"\/en\/104594\/social-startup-hub-bavaria-goes-into-extension\/?brly_source=branchly&amp;brly_medium=search\">SSHB launched by the Free State of Bavaria<\/a>Our common goal: to support aspiring founders in building impact-oriented business models based on their needs \u2013 with low thresholds and without entry barriers. Our experience from advising on over 400 ideas since the founding of <a href=\"https:\/\/www.social-startup-hub.de\/\" target=\"_blank\" rel=\"noreferrer noopener\">SSHB<\/a> shows: The need is great \u2013 because there are enough social challenges.<\/p>\n\n\n\n<h2 class=\"wp-block-heading\"><strong>Networks, partners, platforms: How the support works<\/strong><\/h2>\n\n\n\n<p><strong><em>Munich Startup:<\/em><\/strong> <strong>How do you network the various funding opportunities across Bavaria \u2013 and what role do regional partners play in this?<\/strong><\/p>\n\n\n\n<p><em>Anne D\u00f6rner:<\/em> Four additional regional Social-Startup-Hub Bayern contact points have recently been established \u2013 in the Allg\u00e4u, Lower Bavaria, Mainfranken, and Upper Franconia. Through collaborations with local partners who have already been established there and who have received training from us on impact and social entrepreneurship, we can support local founders even more directly and effectively with our services. With over 45 partner organizations \u2013 from universities to innovation and digital centers to impact organizations \u2013 we are creating a vibrant ecosystem for startups with social added value for Bavaria.<br>Our events also bring founders together with ideas and support offers \u2013 for example, the regular Social Business Meetups, which take place at various locations throughout Bavaria, or our virtual Happy Impact Hour, in which we share knowledge on various startup topics with participants once a month.<br>We also maintain a social startup guide that helps interested parties find suitable support services and organizations. For the founders we consult, we offer an exclusive digital platform where they can exchange ideas and find co-founders, receive relevant information about events and calls for proposals, receive exclusive discounts, and find workspace.<\/p>\n\n\n\n<h2 class=\"wp-block-heading\"><strong>Effectiveness and cost-effectiveness are not a contradiction<\/strong><\/h2>\n\n\n\n<p><strong><em>Munich Startup:<\/em><\/strong> <strong>How do you understand the term &#039;business with impact&#039; \u2013 and how do you live this concept in your daily work?<\/strong><\/p>\n\n\n\n<p><em>Anne D\u00f6rner:<\/em> For us, this means entrepreneurial action that focuses on more than just profit. We take a holistic approach to business: economic return, social impact, and environmental responsibility are all in harmony. Many people believe you have to choose between making money and doing good. But the opposite is true: impact and profitability are not mutually exclusive; they can reinforce each other. As a business model grows, so does its impact. Money can then be the lever to increase social impact. To promote this way of thinking, we want to continue to reach as many people as possible and show them that impact and business go very well together.<\/p>\n\n\n\n<p><strong><em>Munich Startup:<\/em><\/strong> <strong>You advise social startups: What does a typical consultation look like? What questions or concerns do social startups come to you with?<\/strong><\/p>\n\n\n\n<p><em>Anne D\u00f6rner:<\/em> To be honest: There&#039;s no such thing as &quot;typical&quot; consulting\u2014because no two ideas are the same. What we do offer, however, is a listening ear, plenty of questions, and plenty of sparring. Some start practically from scratch, others are already in the thick of things. Typical topics include business models, impact measurement, financing, and choosing a legal form. We provide individualized support and, if necessary, connect you with support organizations, investors, or experts on various topics, such as legal advice or taxes.<br>In addition to the open consulting, which we offer flexibly from the early phase, we also offer \u201cFocus Consulting Impact\u201d, in which founding teams sharpen and expand their impact model.<\/p>\n\n\n<div class=\"wp-block-image\">\n<figure class=\"alignright size-large is-resized\"><img decoding=\"async\" width=\"1200\" height=\"800\" src=\"https:\/\/cms.munich-startup.net\/wp-content\/uploads\/2025\/07\/2-SSHB_by_SEA-1200x800.jpg\" alt=\"Social-Startup-Hub Bayern\" class=\"wp-image-110931\" style=\"width:254px;height:auto\" srcset=\"https:\/\/cms.munich-startup.net\/wp-content\/uploads\/2025\/07\/2-SSHB_by_SEA-1200x800.jpg 1200w, https:\/\/cms.munich-startup.net\/wp-content\/uploads\/2025\/07\/2-SSHB_by_SEA-600x400.jpg 600w, https:\/\/cms.munich-startup.net\/wp-content\/uploads\/2025\/07\/2-SSHB_by_SEA-768x512.jpg 768w, https:\/\/cms.munich-startup.net\/wp-content\/uploads\/2025\/07\/2-SSHB_by_SEA-1536x1024.jpg 1536w, https:\/\/cms.munich-startup.net\/wp-content\/uploads\/2025\/07\/2-SSHB_by_SEA-2048x1365.jpg 2048w, https:\/\/cms.munich-startup.net\/wp-content\/uploads\/2025\/07\/2-SSHB_by_SEA-18x12.jpg 18w, https:\/\/cms.munich-startup.net\/wp-content\/uploads\/2025\/07\/2-SSHB_by_SEA-880x587.jpg 880w, https:\/\/cms.munich-startup.net\/wp-content\/uploads\/2025\/07\/2-SSHB_by_SEA-440x293.jpg 440w\" sizes=\"(max-width: 1200px) 100vw, 1200px\" \/><\/figure><\/div>\n\n\n<h2 class=\"wp-block-heading\"><strong>Startups have achieved this with the help<\/strong> <strong>of the SSHB reached <\/strong><\/h2>\n\n\n\n<p><strong><em>Munich Startup:<\/em><\/strong> <strong>What examples can you give of successful startups that you have supported through your work?<\/strong><\/p>\n\n\n\n<p><em>Anne D\u00f6rner:<\/em> Sure, here are a few highlights that we have been able to accompany over the years:<\/p>\n\n\n\n<ul class=\"wp-block-list\">\n<li>\u202f<a href=\"\/en\/91989\/enna-in-retail\/?brly_source=branchly&amp;brly_medium=search\">Enna Systems<\/a> makes digitalization easy and inclusive for older people \u2013 with user-friendly devices and a million-dollar investment behind it.<\/li>\n\n\n\n<li><a href=\"\/en\/109007\/meliodays-medical-7-questions\/?brly_source=branchly&amp;brly_medium=search\">Meliodays Medical<\/a> is developing a hormone-free treatment for menstrual pain and has already secured 800,000 euros in pre-seed funding.<\/li>\n\n\n\n<li><a href=\"\/en\/104674\/ingemeinschaft-7-questions\/?brly_source=branchly&amp;brly_medium=search\">InCommunity<\/a> is fighting the housing shortage with the help of multi-generational shared apartments and was able to secure funding from the Ministry of Economic Affairs for its \u201cSustainable Impact\u201d program.<\/li>\n\n\n\n<li>VoluLink brings together social organizations, IT students, and companies to jointly develop digital solutions for the social sector \u2013 and has received 175,000 euros in funding for the concept from the Ministry of Education.<\/li>\n\n\n\n<li>\u202f<a href=\"\/en\/94968\/recup-acquires-reusable-manufacturer-crafting-future\/?brly_source=branchly&amp;brly_medium=search\">Recup<\/a> \u2013 today Germany\u2019s largest reusable system \u2013 would almost not have come into being without the advice of SEA.<\/li>\n\n\n\n<li><a href=\"\/en\/startups\/polar-star\/?brly_source=branchly&amp;brly_medium=search\">Polar Star<\/a> shows how to drive the energy transition and successfully scale as a social enterprise \u2013 as one of the first startups advised by the SEA.<\/li>\n<\/ul>\n\n\n\n<h2 class=\"wp-block-heading\"><strong>Looking ahead: expansion, visibility, political influence<\/strong><\/h2>\n\n\n\n<p><strong><em>Munich Startup:<\/em><\/strong> <strong>What next steps do you plan to take to further develop the SSHB?<\/strong><\/p>\n\n\n\n<p><em>Anne D\u00f6rner:<\/em><\/p>\n\n\n\n<ul class=\"wp-block-list\">\n<li>Further strengthen our offerings in the Bavarian regions through targeted cooperation and needs-based formats, especially in rural areas, far from urban centers \u2013 there is a lot of dormant potential for social start-ups here<\/li>\n\n\n\n<li>create more visibility for social startups and start-ups with social added value and their enormous potential \u2013 among investors, in politics and in the general public.<\/li>\n<\/ul>\n\n\n\n<p><strong><em>Munich Startup:<\/em><\/strong> <strong>How do you see your role in the growing social entrepreneurship ecosystem \u2013 more as an enabler, initiator, or political co-creator?<\/strong><\/p>\n\n\n\n<p><em>Anne D\u00f6rner:<\/em> We say: all three!<\/p>\n\n\n\n<ul class=\"wp-block-list\">\n<li>Enablers because we support people to be courageous and get their ideas rolling.<\/li>\n\n\n\n<li>We&#039;re a driving force because we stand for new ways of thinking and innovative solutions: Doing good and earning money at the same time? It&#039;s possible!<\/li>\n\n\n\n<li>As political co-creators, we bring the topic <a href=\"\/en\/54590\/social-entrepreneurship\/?brly_source=branchly&amp;brly_medium=search\">Social Entrepreneurship<\/a> on the agenda and show how impact and economic success can work together \u2013 especially in challenging times when social change and economic development are necessary. <\/li>\n<\/ul>\n\n\n\n<p>We believe that impactful business isn&#039;t a niche topic, but the business model of the future. If you have an idea with social added value, contact us or come to one of our events. We look forward to seeing you: <a>www.social-startup-hub.de<\/a><\/p>\n\n\n\n<p><\/p>\n<\/div>","protected":false},"excerpt":{"rendered":"<p>Impact and profitability are not mutually exclusive, says Anne D\u00f6rner of Social-Startup-Hub Bayern. Here you can learn how social entrepreneurs are supported, connected, and inspired.<\/p>","protected":false},"author":50,"featured_media":110929,"comment_status":"closed","ping_status":"closed","sticky":false,"template":"","format":"standard","meta":{"_acf_changed":false,"footnotes":""},"categories":[5635,1083,1732],"tags":[56,4716,36],"acf":[],"yoast_head":"<!-- This site is optimized with the Yoast SEO plugin v26.1.1 - https:\/\/yoast.com\/wordpress\/plugins\/seo\/ -->\n<title>Social-Startup-Hub Bayern: Starthilfe f\u00fcr Gr\u00fcnderInnen, die Gutes tun wollen - Munich Startup<\/title>\n<meta name=\"description\" content=\"Der Social-Startup-Hub Bayern unterst\u00fctzt soziale Gr\u00fcnderInnen in ganz Bayern \u2013 von der Idee bis zum Gesch\u00e4ftsmodell.\" \/>\n<meta name=\"robots\" content=\"index, follow, max-snippet:-1, max-image-preview:large, max-video-preview:-1\" \/>\n<link rel=\"canonical\" href=\"https:\/\/cms.munich-startup.net\/en\/110928\/social-startup-hub-bavaria\/\" \/>\n<meta property=\"og:locale\" content=\"en_US\" \/>\n<meta property=\"og:type\" content=\"article\" \/>\n<meta property=\"og:title\" content=\"Social-Startup-Hub Bayern: Starthilfe f\u00fcr Gr\u00fcnderInnen, die Gutes tun wollen - Munich Startup\" \/>\n<meta property=\"og:description\" content=\"Der Social-Startup-Hub Bayern unterst\u00fctzt soziale Gr\u00fcnderInnen in ganz Bayern \u2013 von der Idee bis zum Gesch\u00e4ftsmodell.\" \/>\n<meta property=\"og:url\" content=\"https:\/\/cms.munich-startup.net\/en\/110928\/social-startup-hub-bavaria\/\" \/>\n<meta property=\"og:site_name\" content=\"Munich Startup\" \/>\n<meta property=\"article:publisher\" content=\"https:\/\/www.facebook.com\/munichstartup\/\" \/>\n<meta property=\"article:published_time\" content=\"2025-07-10T10:00:00+00:00\" \/>\n<meta name=\"author\" content=\"Kyrill Ring\" \/>\n<meta name=\"twitter:card\" content=\"summary_large_image\" \/>\n<meta name=\"twitter:creator\" content=\"@munich_startup\" \/>\n<meta name=\"twitter:site\" content=\"@munich_startup\" \/>\n<meta name=\"twitter:label1\" content=\"Written by\" \/>\n\t<meta name=\"twitter:data1\" content=\"Kyrill Ring\" \/>\n\t<meta name=\"twitter:label2\" content=\"Est. reading time\" \/>\n\t<meta name=\"twitter:data2\" content=\"7 minutes\" \/>\n<script type=\"application\/ld+json\" class=\"yoast-schema-graph\">{\"@context\":\"https:\/\/schema.org\",\"@graph\":[{\"@type\":\"WebPage\",\"@id\":\"https:\/\/cms.munich-startup.net\/110928\/social-startup-hub-bayern\/\",\"url\":\"https:\/\/cms.munich-startup.net\/110928\/social-startup-hub-bayern\/\",\"name\":\"Social-Startup-Hub Bayern: Starthilfe f\u00fcr Gr\u00fcnderInnen, die Gutes tun wollen - Munich Startup\",\"isPartOf\":{\"@id\":\"https:\/\/cms.munich-startup.net\/#website\"},\"primaryImageOfPage\":{\"@id\":\"https:\/\/cms.munich-startup.net\/110928\/social-startup-hub-bayern\/#primaryimage\"},\"image\":{\"@id\":\"https:\/\/cms.munich-startup.net\/110928\/social-startup-hub-bayern\/#primaryimage\"},\"thumbnailUrl\":\"https:\/\/cms.munich-startup.net\/wp-content\/uploads\/2025\/07\/Portraitfoto_Anne-Doerner-e1752044002589.jpg\",\"datePublished\":\"2025-07-10T10:00:00+00:00\",\"author\":{\"@id\":\"https:\/\/cms.munich-startup.net\/#\/schema\/person\/2a39c8b6c59ed840108cf4710b620656\"},\"description\":\"Der Social-Startup-Hub Bayern unterst\u00fctzt soziale Gr\u00fcnderInnen in ganz Bayern \u2013 von der Idee bis zum Gesch\u00e4ftsmodell.\",\"breadcrumb\":{\"@id\":\"https:\/\/cms.munich-startup.net\/110928\/social-startup-hub-bayern\/#breadcrumb\"},\"inLanguage\":\"en-US\",\"potentialAction\":[{\"@type\":\"ReadAction\",\"target\":[\"https:\/\/cms.munich-startup.net\/110928\/social-startup-hub-bayern\/\"]}]},{\"@type\":\"ImageObject\",\"inLanguage\":\"en-US\",\"@id\":\"https:\/\/cms.munich-startup.net\/110928\/social-startup-hub-bayern\/#primaryimage\",\"url\":\"https:\/\/cms.munich-startup.net\/wp-content\/uploads\/2025\/07\/Portraitfoto_Anne-Doerner-e1752044002589.jpg\",\"contentUrl\":\"https:\/\/cms.munich-startup.net\/wp-content\/uploads\/2025\/07\/Portraitfoto_Anne-Doerner-e1752044002589.jpg\",\"width\":2336,\"height\":1430,\"caption\":\"Anne D\u00f6rner, Social-Startup-Hub Bayern\"},{\"@type\":\"BreadcrumbList\",\"@id\":\"https:\/\/cms.munich-startup.net\/110928\/social-startup-hub-bayern\/#breadcrumb\",\"itemListElement\":[{\"@type\":\"ListItem\",\"position\":1,\"name\":\"Home\",\"item\":\"https:\/\/cms.munich-startup.net\/\"},{\"@type\":\"ListItem\",\"position\":2,\"name\":\"Social-Startup-Hub Bayern: Starthilfe f\u00fcr Gr\u00fcnderInnen, die Gutes tun wollen\"}]},{\"@type\":\"WebSite\",\"@id\":\"https:\/\/cms.munich-startup.net\/#website\",\"url\":\"https:\/\/cms.munich-startup.net\/\",\"name\":\"Munich Startup\",\"description\":\"Das offizielle Startup-Portal f\u00fcr M\u00fcnchen\",\"potentialAction\":[{\"@type\":\"SearchAction\",\"target\":{\"@type\":\"EntryPoint\",\"urlTemplate\":\"https:\/\/cms.munich-startup.net\/?s={search_term_string}\"},\"query-input\":{\"@type\":\"PropertyValueSpecification\",\"valueRequired\":true,\"valueName\":\"search_term_string\"}}],\"inLanguage\":\"en-US\"},{\"@type\":\"Person\",\"@id\":\"https:\/\/cms.munich-startup.net\/#\/schema\/person\/2a39c8b6c59ed840108cf4710b620656\",\"name\":\"Kyrill Ring\",\"image\":{\"@type\":\"ImageObject\",\"inLanguage\":\"en-US\",\"@id\":\"https:\/\/cms.munich-startup.net\/#\/schema\/person\/image\/\",\"url\":\"https:\/\/secure.gravatar.com\/avatar\/b28dac9ce0cf5f781bc8792b95f2eba3?s=96&d=blank&r=g\",\"contentUrl\":\"https:\/\/secure.gravatar.com\/avatar\/b28dac9ce0cf5f781bc8792b95f2eba3?s=96&d=blank&r=g\",\"caption\":\"Kyrill Ring\"},\"description\":\"Kyrill Ring hat 15 Jahre lang als Live-Reporter f\u00fcrs Fernsehen gearbeitet und ist seit Juli 2025 als Brand &amp; Communications Manager bei Munich Startup t\u00e4tig. Hier verantwortet er neben seiner Arbeit als Redakteur f\u00fcr die Webseite neue Formate wie den Videopodcast Pitch&amp;People.\",\"url\":\"https:\/\/cms.munich-startup.net\/en\/author\/kyrillring\/\"}]}<\/script>\n<meta property=\"og:image\" content=\"https:\/\/cms.munich-startup.net\/en\/wp-content\/uploads\/2025\/07\/Portraitfoto_Anne-Doerner-e1752044002589.jpg\" \/>\n\t<meta property=\"og:image:width\" content=\"2336\" \/>\n\t<meta property=\"og:image:height\" content=\"1430\" \/>\n\t<meta property=\"og:image:type\" content=\"image\/jpeg\" \/>\n<!-- \/ Yoast SEO plugin. -->","yoast_head_json":{"title":"Social-Startup-Hub Bayern: Starting support for founders who want to do good - Munich Startup","description":"The Social-Startup-Hub Bayern supports social entrepreneurs throughout Bavaria \u2013 from the idea to the business model.","robots":{"index":"index","follow":"follow","max-snippet":"max-snippet:-1","max-image-preview":"max-image-preview:large","max-video-preview":"max-video-preview:-1"},"canonical":"https:\/\/cms.munich-startup.net\/en\/110928\/social-startup-hub-bavaria\/","og_locale":"en_US","og_type":"article","og_title":"Social-Startup-Hub Bayern: Starthilfe f\u00fcr Gr\u00fcnderInnen, die Gutes tun wollen - Munich Startup","og_description":"Der Social-Startup-Hub Bayern unterst\u00fctzt soziale Gr\u00fcnderInnen in ganz Bayern \u2013 von der Idee bis zum Gesch\u00e4ftsmodell.","og_url":"https:\/\/cms.munich-startup.net\/en\/110928\/social-startup-hub-bavaria\/","og_site_name":"Munich Startup","article_publisher":"https:\/\/www.facebook.com\/munichstartup\/","article_published_time":"2025-07-10T10:00:00+00:00","author":"Kyrill Ring","twitter_card":"summary_large_image","twitter_creator":"@munich_startup","twitter_site":"@munich_startup","twitter_misc":{"Written by":"Kyrill Ring","Est. reading time":"7 minutes"},"schema":{"@context":"https:\/\/schema.org","@graph":[{"@type":"WebPage","@id":"https:\/\/cms.munich-startup.net\/110928\/social-startup-hub-bayern\/","url":"https:\/\/cms.munich-startup.net\/110928\/social-startup-hub-bayern\/","name":"Social-Startup-Hub Bayern: Starting support for founders who want to do good - Munich Startup","isPartOf":{"@id":"https:\/\/cms.munich-startup.net\/#website"},"primaryImageOfPage":{"@id":"https:\/\/cms.munich-startup.net\/110928\/social-startup-hub-bayern\/#primaryimage"},"image":{"@id":"https:\/\/cms.munich-startup.net\/110928\/social-startup-hub-bayern\/#primaryimage"},"thumbnailUrl":"https:\/\/cms.munich-startup.net\/wp-content\/uploads\/2025\/07\/Portraitfoto_Anne-Doerner-e1752044002589.jpg","datePublished":"2025-07-10T10:00:00+00:00","author":{"@id":"https:\/\/cms.munich-startup.net\/#\/schema\/person\/2a39c8b6c59ed840108cf4710b620656"},"description":"The Social-Startup-Hub Bayern supports social entrepreneurs throughout Bavaria \u2013 from the idea to the business model.","breadcrumb":{"@id":"https:\/\/cms.munich-startup.net\/110928\/social-startup-hub-bayern\/#breadcrumb"},"inLanguage":"en-US","potentialAction":[{"@type":"ReadAction","target":["https:\/\/cms.munich-startup.net\/110928\/social-startup-hub-bayern\/"]}]},{"@type":"ImageObject","inLanguage":"en-US","@id":"https:\/\/cms.munich-startup.net\/110928\/social-startup-hub-bayern\/#primaryimage","url":"https:\/\/cms.munich-startup.net\/wp-content\/uploads\/2025\/07\/Portraitfoto_Anne-Doerner-e1752044002589.jpg","contentUrl":"https:\/\/cms.munich-startup.net\/wp-content\/uploads\/2025\/07\/Portraitfoto_Anne-Doerner-e1752044002589.jpg","width":2336,"height":1430,"caption":"Anne D\u00f6rner, Social-Startup-Hub Bayern"},{"@type":"BreadcrumbList","@id":"https:\/\/cms.munich-startup.net\/110928\/social-startup-hub-bayern\/#breadcrumb","itemListElement":[{"@type":"ListItem","position":1,"name":"Home","item":"https:\/\/cms.munich-startup.net\/"},{"@type":"ListItem","position":2,"name":"Social-Startup-Hub Bayern: Starthilfe f\u00fcr Gr\u00fcnderInnen, die Gutes tun wollen"}]},{"@type":"WebSite","@id":"https:\/\/cms.munich-startup.net\/#website","url":"https:\/\/cms.munich-startup.net\/","name":"Munich Startup","description":"The official startup portal for Munich","potentialAction":[{"@type":"SearchAction","target":{"@type":"EntryPoint","urlTemplate":"https:\/\/cms.munich-startup.net\/?s={search_term_string}"},"query-input":{"@type":"PropertyValueSpecification","valueRequired":true,"valueName":"search_term_string"}}],"inLanguage":"en-US"},{"@type":"Person","@id":"https:\/\/cms.munich-startup.net\/#\/schema\/person\/2a39c8b6c59ed840108cf4710b620656","name":"Kyrill Ring","image":{"@type":"ImageObject","inLanguage":"en-US","@id":"https:\/\/cms.munich-startup.net\/#\/schema\/person\/image\/","url":"https:\/\/secure.gravatar.com\/avatar\/b28dac9ce0cf5f781bc8792b95f2eba3?s=96&d=blank&r=g","contentUrl":"https:\/\/secure.gravatar.com\/avatar\/b28dac9ce0cf5f781bc8792b95f2eba3?s=96&d=blank&r=g","caption":"Kyrill Ring"},"description":"Kyrill Ring worked as a live television reporter for 15 years and has been Brand &amp; Communications Manager at Munich Startup since July 2025. In addition to his work as a website editor, he is responsible for new formats such as the video podcast Pitch&amp;People.","url":"https:\/\/cms.munich-startup.net\/en\/author\/kyrillring\/"}]},"og_image":[{"width":2336,"height":1430,"url":"https:\/\/cms.munich-startup.net\/wp-content\/uploads\/2025\/07\/Portraitfoto_Anne-Doerner-e1752044002589.jpg","type":"image\/jpeg"}]},"_showyear":"","_inactive":"","_show_financing":"","_hide_on_map":"","_edit_lock":"1753344724:50","_edit_last":"42","_yoast_wpseo_focuskw":"Social-Startup-Hub Bayern","_yoast_wpseo_metadesc":"Der Social-Startup-Hub Bayern unterst\u00fctzt soziale Gr\u00fcnderInnen in ganz Bayern \u2013 von der Idee bis zum Gesch\u00e4ftsmodell.","_yoast_wpseo_linkdex":"67","_thumbnail_id":"110929","wbounce_status":"default","_yoast_wpseo_primary_category":"5635","_yoast_wpseo_focuskw_text_input":"","_yoast_wpseo_content_score":"90","ms_image_format":"contentwidth","_ms_image_format":"field_5cb8587572c8b","ms_dachzeile":"Portr\u00e4t","_ms_dachzeile":"field_5cd9b7f365df5","ms_bump_post_date":"","_ms_bump_post_date":"field_5d1341edcf42a","guest_author_name":"","_guest_author_name":"field_5cee78a6016f9","guest_author_image":"","_guest_author_image":"field_5cee7914016fb","guest_author_description":"","_guest_author_description":"field_5cee78dd016fa","ms_post_image_caption":"","_ms_post_image_caption":"field_5f735b0735284","ms_post_image_credit":"","_ms_post_image_credit":"field_5f735b1435285","suppress_startupbox":"0","_suppress_startupbox":"field_60a64b0b6efc6","_yoast_wpseo_estimated-reading-time-minutes":"7","_wp_old_date":"","_yoast_wpseo_title":"","_yoast_wpseo_wordproof_timestamp":"","footnotes":"","easy_language_simplification_original_id":"","easy_language_source_language":"","easy_language_simplification_language":"","easy_language_api":"","easy_language_prevent_automatic_mode":"","_wp_old_slug":"","_wp_trash_meta_status":"","_wp_trash_meta_time":"","easy_language_simplification_state_changed_from":"","easy_language_de_EL_changed":"","ms_competition_deadline":"","_ms_competition_deadline":"","_wpbitly":"","enclosure":"","_yoast_wpseo_meta-robots-noindex":"","_yoast_wpseo_meta-robots-nofollow":"","wbounce_template":"","wbounce_title":"","wbounce_text":"","wbounce_cta":"","wbounce_url":"","wbounce_override":"","_yoast_wpseo_opengraph-title":"","_yoast_wpseo_opengraph-description":"","_oembed_7131efca3705e16bd9da2c41df237660":"","_oembed_time_7131efca3705e16bd9da2c41df237660":"","_pprredirect_type":"","_pprredirect_url":"","_yoast_wpseo_opengraph-image":"","_yoast_wpseo_opengraph-image-id":"","_newsletterglue":"","easy_language_text_language":"","_wp_desired_post_slug":"","_relevanssi_noindex_reason":"","_links":{"self":[{"href":"https:\/\/cms.munich-startup.net\/en\/wp-json\/wp\/v2\/posts\/110928"}],"collection":[{"href":"https:\/\/cms.munich-startup.net\/en\/wp-json\/wp\/v2\/posts"}],"about":[{"href":"https:\/\/cms.munich-startup.net\/en\/wp-json\/wp\/v2\/types\/post"}],"author":[{"embeddable":true,"href":"https:\/\/cms.munich-startup.net\/en\/wp-json\/wp\/v2\/users\/50"}],"replies":[{"embeddable":true,"href":"https:\/\/cms.munich-startup.net\/en\/wp-json\/wp\/v2\/comments?post=110928"}],"version-history":[{"count":5,"href":"https:\/\/cms.munich-startup.net\/en\/wp-json\/wp\/v2\/posts\/110928\/revisions"}],"predecessor-version":[{"id":111335,"href":"https:\/\/cms.munich-startup.net\/en\/wp-json\/wp\/v2\/posts\/110928\/revisions\/111335"}],"wp:featuredmedia":[{"embeddable":true,"href":"https:\/\/cms.munich-startup.net\/en\/wp-json\/wp\/v2\/media\/110929"}],"wp:attachment":[{"href":"https:\/\/cms.munich-startup.net\/en\/wp-json\/wp\/v2\/media?parent=110928"}],"wp:term":[{"taxonomy":"category","embeddable":true,"href":"https:\/\/cms.munich-startup.net\/en\/wp-json\/wp\/v2\/categories?post=110928"},{"taxonomy":"post_tag","embeddable":true,"href":"https:\/\/cms.munich-startup.net\/en\/wp-json\/wp\/v2\/tags?post=110928"}],"curies":[{"name":"wp","href":"https:\/\/api.w.org\/{rel}","templated":true}]}}