{"id":104773,"date":"2024-09-22T08:30:00","date_gmt":"2024-09-22T06:30:00","guid":{"rendered":"https:\/\/cms.munich-startup.net\/?p=104773"},"modified":"2024-09-19T17:21:02","modified_gmt":"2024-09-19T15:21:02","slug":"weekly-wrap-up-37-2024","status":"publish","type":"post","link":"https:\/\/cms.munich-startup.net\/en\/104773\/weekly-wrap-up-37-2024\/","title":{"rendered":"Weekly Wrap-up 37\/2024"},"content":{"rendered":"<div class=\"entry-content\">\n<figure class=\"wp-block-image size-large\"><a href=\"\/en\/104674\/ingemeinschaft-7-questions\/\"><img decoding=\"async\" width=\"1200\" height=\"726\" src=\"https:\/\/cms.munich-startup.net\/wp-content\/uploads\/2024\/09\/Bild-Darius-Philipp-1200x726.jpg\" alt=\"Darius Philipp InCommunity\" class=\"wp-image-104675\" srcset=\"https:\/\/cms.munich-startup.net\/wp-content\/uploads\/2024\/09\/Bild-Darius-Philipp-1200x726.jpg 1200w, https:\/\/cms.munich-startup.net\/wp-content\/uploads\/2024\/09\/Bild-Darius-Philipp-600x363.jpg 600w, https:\/\/cms.munich-startup.net\/wp-content\/uploads\/2024\/09\/Bild-Darius-Philipp-768x465.jpg 768w, https:\/\/cms.munich-startup.net\/wp-content\/uploads\/2024\/09\/Bild-Darius-Philipp-1536x929.jpg 1536w, https:\/\/cms.munich-startup.net\/wp-content\/uploads\/2024\/09\/Bild-Darius-Philipp-880x532.jpg 880w, https:\/\/cms.munich-startup.net\/wp-content\/uploads\/2024\/09\/Bild-Darius-Philipp-440x266.jpg 440w, https:\/\/cms.munich-startup.net\/wp-content\/uploads\/2024\/09\/Bild-Darius-Philipp-250x150.jpg 250w, https:\/\/cms.munich-startup.net\/wp-content\/uploads\/2024\/09\/Bild-Darius-Philipp.jpg 1914w\" sizes=\"(max-width: 1200px) 100vw, 1200px\" \/><\/a><figcaption class=\"wp-element-caption\"><strong>InGemeinschaft brings multi-generational shared apartments together<\/strong>In a multigenerational shared apartment, people of different ages don&#039;t just live together; they also benefit from the community in a variety of ways. Despite the many advantages\u2014from household help to affordable housing\u2014the concept is only slowly gaining traction in Germany. The Munich-based startup InGemeinschaft wants to change that and help the parties find common ground. <a href=\"\/en\/104674\/ingemeinschaft-7-questions\/\">In an interview, the founders explain their concept<\/a>. (Photo: InGemeinschaft)<\/figcaption><\/figure>\n\n\n\n<!--nextpage-->\n\n\n\n<figure class=\"wp-block-image size-full\"><a href=\"\/en\/104686\/workerhero-expands-series-a\/\"><img decoding=\"async\" width=\"1200\" height=\"675\" src=\"https:\/\/cms.munich-startup.net\/wp-content\/uploads\/2021\/08\/DriverHero_TeamFoto_SUV.jpg\" alt=\"Driverhero Workerhero\" class=\"wp-image-75231\" srcset=\"https:\/\/cms.munich-startup.net\/wp-content\/uploads\/2021\/08\/DriverHero_TeamFoto_SUV.jpg 1200w, https:\/\/cms.munich-startup.net\/wp-content\/uploads\/2021\/08\/DriverHero_TeamFoto_SUV-600x338.jpg 600w, https:\/\/cms.munich-startup.net\/wp-content\/uploads\/2021\/08\/DriverHero_TeamFoto_SUV-768x432.jpg 768w, https:\/\/cms.munich-startup.net\/wp-content\/uploads\/2021\/08\/DriverHero_TeamFoto_SUV-880x495.jpg 880w, https:\/\/cms.munich-startup.net\/wp-content\/uploads\/2021\/08\/DriverHero_TeamFoto_SUV-440x248.jpg 440w\" sizes=\"(max-width: 1200px) 100vw, 1200px\" \/><\/a><figcaption class=\"wp-element-caption\"><strong>Workerhero expands Series A: <\/strong>Back in July, Workerhero announced the completion of its \u20ac4 million Series A. The round was led by Mediahuis Ventures, with participation from existing investors, including 10x Founders and Bonsai Partners. <a href=\"\/en\/104686\/workerhero-expands-series-a\/\">Now Bayern Kapital is also joining in and increasing Workerhero\u2019s Series A to 4.6 million euros<\/a>. (Photo: Workerhero)<\/figcaption><\/figure>\n\n\n\n<!--nextpage-->\n\n\n\n<figure class=\"wp-block-image size-large\"><a href=\"\/en\/104700\/reversion-series-a\/\"><img decoding=\"async\" width=\"1200\" height=\"900\" src=\"https:\/\/cms.munich-startup.net\/wp-content\/uploads\/2022\/08\/Reverion_Team-1200x900.jpg\" alt=\"Reverion\" class=\"wp-image-85056\" srcset=\"https:\/\/cms.munich-startup.net\/wp-content\/uploads\/2022\/08\/Reverion_Team-1200x900.jpg 1200w, https:\/\/cms.munich-startup.net\/wp-content\/uploads\/2022\/08\/Reverion_Team-600x450.jpg 600w, https:\/\/cms.munich-startup.net\/wp-content\/uploads\/2022\/08\/Reverion_Team-768x576.jpg 768w, https:\/\/cms.munich-startup.net\/wp-content\/uploads\/2022\/08\/Reverion_Team-1536x1152.jpg 1536w, https:\/\/cms.munich-startup.net\/wp-content\/uploads\/2022\/08\/Reverion_Team-2048x1536.jpg 2048w, https:\/\/cms.munich-startup.net\/wp-content\/uploads\/2022\/08\/Reverion_Team-880x660.jpg 880w, https:\/\/cms.munich-startup.net\/wp-content\/uploads\/2022\/08\/Reverion_Team-440x330.jpg 440w, https:\/\/cms.munich-startup.net\/wp-content\/uploads\/2022\/08\/Reverion_Team-800x600.jpg 800w, https:\/\/cms.munich-startup.net\/wp-content\/uploads\/2022\/08\/Reverion_Team-400x300.jpg 400w, https:\/\/cms.munich-startup.net\/wp-content\/uploads\/2022\/08\/Reverion_Team-200x150.jpg 200w\" sizes=\"(max-width: 1200px) 100vw, 1200px\" \/><\/a><figcaption class=\"wp-element-caption\"><strong>Reverion raises 56 million euros:<\/strong> The Munich-based cleantech startup Reverion secures funding for the construction of its <a href=\"\/en\/104700\/reversion-series-a\/\">Biogas plants in its Series A 56 million euros (62 million dollars)<\/a>The oversubscribed round was led by Energy Impact Partners (EIP) along with Honda Xcelerator Ventures and the European Innovation Council Fund (EIC Fund). (Photo: Reverion)<\/figcaption><\/figure>\n\n\n\n<!--nextpage-->\n\n\n\n<figure class=\"wp-block-image size-large\"><a href=\"\/en\/104731\/symphera-seed-financing\/\"><img decoding=\"async\" width=\"1200\" height=\"890\" src=\"https:\/\/cms.munich-startup.net\/wp-content\/uploads\/2024\/09\/Symphera-1200x890.jpeg\" alt=\"Symphera\" class=\"wp-image-104733\" srcset=\"https:\/\/cms.munich-startup.net\/wp-content\/uploads\/2024\/09\/Symphera-1200x890.jpeg 1200w, https:\/\/cms.munich-startup.net\/wp-content\/uploads\/2024\/09\/Symphera-600x445.jpeg 600w, https:\/\/cms.munich-startup.net\/wp-content\/uploads\/2024\/09\/Symphera-768x570.jpeg 768w, https:\/\/cms.munich-startup.net\/wp-content\/uploads\/2024\/09\/Symphera-1536x1139.jpeg 1536w, https:\/\/cms.munich-startup.net\/wp-content\/uploads\/2024\/09\/Symphera-880x653.jpeg 880w, https:\/\/cms.munich-startup.net\/wp-content\/uploads\/2024\/09\/Symphera-440x326.jpeg 440w, https:\/\/cms.munich-startup.net\/wp-content\/uploads\/2024\/09\/Symphera.jpeg 2048w\" sizes=\"(max-width: 1200px) 100vw, 1200px\" \/><\/a><figcaption class=\"wp-element-caption\"><strong>Successful seed financing of 2.4 million euros:<\/strong> Symphera can be a successful <a href=\"\/en\/104731\/symphera-seed-financing\/\">Announce seed financing of \u20ac2.4 million<\/a>The financing round is led by High-Tech Gr\u00fcnderfonds (HTGF), with participation from Bayern Kapital, Carma Fund, UnternehmerTUM Funding for Innovators, Stern Stewart Ventures, Strasbourg-based Ircad, and business angels from the medical sector. (Photo: Symphera)<\/figcaption><\/figure>\n\n\n\n<!--nextpage-->\n\n\n\n<figure class=\"wp-block-image size-large\"><a href=\"\/en\/podcasts\/city-demo-day\/\"><img decoding=\"async\" width=\"1200\" height=\"800\" src=\"https:\/\/cms.munich-startup.net\/wp-content\/uploads\/2024\/08\/02_BRDY9952-1200x800.jpg\" alt=\"City Demo Day Anna Fischer\" class=\"wp-image-104399\" srcset=\"https:\/\/cms.munich-startup.net\/wp-content\/uploads\/2024\/08\/02_BRDY9952-1200x800.jpg 1200w, https:\/\/cms.munich-startup.net\/wp-content\/uploads\/2024\/08\/02_BRDY9952-600x400.jpg 600w, https:\/\/cms.munich-startup.net\/wp-content\/uploads\/2024\/08\/02_BRDY9952-768x512.jpg 768w, https:\/\/cms.munich-startup.net\/wp-content\/uploads\/2024\/08\/02_BRDY9952-1536x1024.jpg 1536w, https:\/\/cms.munich-startup.net\/wp-content\/uploads\/2024\/08\/02_BRDY9952-2048x1365.jpg 2048w, https:\/\/cms.munich-startup.net\/wp-content\/uploads\/2024\/08\/02_BRDY9952-880x587.jpg 880w, https:\/\/cms.munich-startup.net\/wp-content\/uploads\/2024\/08\/02_BRDY9952-440x293.jpg 440w\" sizes=\"(max-width: 1200px) 100vw, 1200px\" \/><\/a><figcaption class=\"wp-element-caption\"><strong>Munich Startup Podcast: <\/strong>The city of Munich wants to bring startups and the administration together. Will this work? <a href=\"\/en\/podcasts\/city-demo-day\/\">Editor Helen Duran and Anna Fischer talk about this,<\/a> who organizes the City Demo Day for the City of Munich&#039;s Economic Development Agency and can answer all questions on the topic and much more. (Photo: Bert Willer)<\/figcaption><\/figure>\n<\/div>","protected":false},"excerpt":{"rendered":"<p>The most important articles of the week in a photo gallery. So you can start the new week well-informed.<\/p>","protected":false},"author":24,"featured_media":57467,"comment_status":"closed","ping_status":"closed","sticky":false,"template":"","format":"standard","meta":{"_acf_changed":false,"footnotes":""},"categories":[1,5635],"tags":[3869],"acf":[],"yoast_head":"<!-- This site is optimized with the Yoast SEO plugin v26.1.1 - https:\/\/yoast.com\/wordpress\/plugins\/seo\/ -->\n<title>Weekly Wrap-up 37\/2024 - Munich Startup<\/title>\n<meta name=\"description\" content=\"Die wichtigsten Artikel der Woche in einer Fotostrecke. So startet Ihr bestens informiert in die neue Woche.\" \/>\n<meta name=\"robots\" content=\"index, follow, max-snippet:-1, max-image-preview:large, max-video-preview:-1\" \/>\n<link rel=\"canonical\" href=\"https:\/\/cms.munich-startup.net\/en\/104773\/weekly-wrap-up-37-2024\/\" \/>\n<link rel=\"next\" href=\"https:\/\/cms.munich-startup.net\/104773\/weekly-wrap-up-37-2024\/2\/\" \/>\n<meta property=\"og:locale\" content=\"en_US\" \/>\n<meta property=\"og:type\" content=\"article\" \/>\n<meta property=\"og:title\" content=\"Weekly Wrap-up 37\/2024 - Munich Startup\" \/>\n<meta property=\"og:description\" content=\"Die wichtigsten Artikel der Woche in einer Fotostrecke. So startet Ihr bestens informiert in die neue Woche.\" \/>\n<meta property=\"og:url\" content=\"https:\/\/cms.munich-startup.net\/en\/104773\/weekly-wrap-up-37-2024\/\" \/>\n<meta property=\"og:site_name\" content=\"Munich Startup\" \/>\n<meta property=\"article:publisher\" content=\"https:\/\/www.facebook.com\/munichstartup\/\" \/>\n<meta property=\"article:published_time\" content=\"2024-09-22T06:30:00+00:00\" \/>\n<meta name=\"author\" content=\"Regina Bruckschl\u00f6gl\" \/>\n<meta name=\"twitter:card\" content=\"summary_large_image\" \/>\n<meta name=\"twitter:creator\" content=\"@munich_startup\" \/>\n<meta name=\"twitter:site\" content=\"@munich_startup\" \/>\n<meta name=\"twitter:label1\" content=\"Written by\" \/>\n\t<meta name=\"twitter:data1\" content=\"Regina Bruckschl\u00f6gl\" \/>\n\t<meta name=\"twitter:label2\" content=\"Est. reading time\" \/>\n\t<meta name=\"twitter:data2\" content=\"3 minutes\" \/>\n<script type=\"application\/ld+json\" class=\"yoast-schema-graph\">{\"@context\":\"https:\/\/schema.org\",\"@graph\":[{\"@type\":\"WebPage\",\"@id\":\"https:\/\/cms.munich-startup.net\/104773\/weekly-wrap-up-37-2024\/\",\"url\":\"https:\/\/cms.munich-startup.net\/104773\/weekly-wrap-up-37-2024\/\",\"name\":\"Weekly Wrap-up 37\/2024 - Munich Startup\",\"isPartOf\":{\"@id\":\"https:\/\/cms.munich-startup.net\/#website\"},\"primaryImageOfPage\":{\"@id\":\"https:\/\/cms.munich-startup.net\/104773\/weekly-wrap-up-37-2024\/#primaryimage\"},\"image\":{\"@id\":\"https:\/\/cms.munich-startup.net\/104773\/weekly-wrap-up-37-2024\/#primaryimage\"},\"thumbnailUrl\":\"https:\/\/cms.munich-startup.net\/wp-content\/uploads\/2020\/02\/Weekly-Wrap-up-III-e1581596407372.jpg\",\"datePublished\":\"2024-09-22T06:30:00+00:00\",\"author\":{\"@id\":\"https:\/\/cms.munich-startup.net\/#\/schema\/person\/4733256eff8ed883081bf4d616fa784f\"},\"description\":\"Die wichtigsten Artikel der Woche in einer Fotostrecke. So startet Ihr bestens informiert in die neue Woche.\",\"inLanguage\":\"en-US\",\"potentialAction\":[{\"@type\":\"ReadAction\",\"target\":[\"https:\/\/cms.munich-startup.net\/104773\/weekly-wrap-up-37-2024\/\"]}]},{\"@type\":\"ImageObject\",\"inLanguage\":\"en-US\",\"@id\":\"https:\/\/cms.munich-startup.net\/104773\/weekly-wrap-up-37-2024\/#primaryimage\",\"url\":\"https:\/\/cms.munich-startup.net\/wp-content\/uploads\/2020\/02\/Weekly-Wrap-up-III-e1581596407372.jpg\",\"contentUrl\":\"https:\/\/cms.munich-startup.net\/wp-content\/uploads\/2020\/02\/Weekly-Wrap-up-III-e1581596407372.jpg\",\"width\":1890,\"height\":1162,\"caption\":\"Weekly Wrap-up\"},{\"@type\":\"WebSite\",\"@id\":\"https:\/\/cms.munich-startup.net\/#website\",\"url\":\"https:\/\/cms.munich-startup.net\/\",\"name\":\"Munich Startup\",\"description\":\"Das offizielle Startup-Portal f\u00fcr M\u00fcnchen\",\"potentialAction\":[{\"@type\":\"SearchAction\",\"target\":{\"@type\":\"EntryPoint\",\"urlTemplate\":\"https:\/\/cms.munich-startup.net\/?s={search_term_string}\"},\"query-input\":{\"@type\":\"PropertyValueSpecification\",\"valueRequired\":true,\"valueName\":\"search_term_string\"}}],\"inLanguage\":\"en-US\"},{\"@type\":\"Person\",\"@id\":\"https:\/\/cms.munich-startup.net\/#\/schema\/person\/4733256eff8ed883081bf4d616fa784f\",\"name\":\"Regina Bruckschl\u00f6gl\",\"image\":{\"@type\":\"ImageObject\",\"inLanguage\":\"en-US\",\"@id\":\"https:\/\/cms.munich-startup.net\/#\/schema\/person\/image\/\",\"url\":\"https:\/\/secure.gravatar.com\/avatar\/b783cd1e1497db1e22684a06f3369381?s=96&d=blank&r=g\",\"contentUrl\":\"https:\/\/secure.gravatar.com\/avatar\/b783cd1e1497db1e22684a06f3369381?s=96&d=blank&r=g\",\"caption\":\"Regina Bruckschl\u00f6gl\"},\"description\":\"Nach eigenen Startup-Erfahrungen blickt sie als Redakteurin von Munich Startup nun aus einer anderen Perspektive auf die M\u00fcnchner Startup-Szene \u2013 und entdeckt dabei jeden Tag, wie vielf\u00e4ltig das M\u00fcnchner \u00d6kosystem ist. Startup Stories, die erz\u00e4hlt werden wollen!\",\"sameAs\":[\"https:\/\/cms.munich-startup.net\"],\"url\":\"https:\/\/cms.munich-startup.net\/en\/author\/regina\/\"}]}<\/script>\n<meta property=\"og:image\" content=\"https:\/\/cms.munich-startup.net\/en\/wp-content\/uploads\/2020\/02\/Weekly-Wrap-up-III-e1581596407372.jpg\" \/>\n\t<meta property=\"og:image:width\" content=\"1890\" \/>\n\t<meta property=\"og:image:height\" content=\"1162\" \/>\n\t<meta property=\"og:image:type\" content=\"image\/jpeg\" \/>\n<!-- \/ Yoast SEO plugin. -->","yoast_head_json":{"title":"Weekly Wrap-up 37\/2024 - Munich Startup","description":"The most important articles of the week in a photo gallery. So you can start the new week well-informed.","robots":{"index":"index","follow":"follow","max-snippet":"max-snippet:-1","max-image-preview":"max-image-preview:large","max-video-preview":"max-video-preview:-1"},"canonical":"https:\/\/cms.munich-startup.net\/en\/104773\/weekly-wrap-up-37-2024\/","next":"https:\/\/cms.munich-startup.net\/104773\/weekly-wrap-up-37-2024\/2\/","og_locale":"en_US","og_type":"article","og_title":"Weekly Wrap-up 37\/2024 - Munich Startup","og_description":"Die wichtigsten Artikel der Woche in einer Fotostrecke. So startet Ihr bestens informiert in die neue Woche.","og_url":"https:\/\/cms.munich-startup.net\/en\/104773\/weekly-wrap-up-37-2024\/","og_site_name":"Munich Startup","article_publisher":"https:\/\/www.facebook.com\/munichstartup\/","article_published_time":"2024-09-22T06:30:00+00:00","author":"Regina Bruckschl\u00f6gl","twitter_card":"summary_large_image","twitter_creator":"@munich_startup","twitter_site":"@munich_startup","twitter_misc":{"Written by":"Regina Bruckschl\u00f6gl","Est. reading time":"3 minutes"},"schema":{"@context":"https:\/\/schema.org","@graph":[{"@type":"WebPage","@id":"https:\/\/cms.munich-startup.net\/104773\/weekly-wrap-up-37-2024\/","url":"https:\/\/cms.munich-startup.net\/104773\/weekly-wrap-up-37-2024\/","name":"Weekly Wrap-up 37\/2024 - Munich Startup","isPartOf":{"@id":"https:\/\/cms.munich-startup.net\/#website"},"primaryImageOfPage":{"@id":"https:\/\/cms.munich-startup.net\/104773\/weekly-wrap-up-37-2024\/#primaryimage"},"image":{"@id":"https:\/\/cms.munich-startup.net\/104773\/weekly-wrap-up-37-2024\/#primaryimage"},"thumbnailUrl":"https:\/\/cms.munich-startup.net\/wp-content\/uploads\/2020\/02\/Weekly-Wrap-up-III-e1581596407372.jpg","datePublished":"2024-09-22T06:30:00+00:00","author":{"@id":"https:\/\/cms.munich-startup.net\/#\/schema\/person\/4733256eff8ed883081bf4d616fa784f"},"description":"The most important articles of the week in a photo gallery. So you can start the new week well-informed.","inLanguage":"en-US","potentialAction":[{"@type":"ReadAction","target":["https:\/\/cms.munich-startup.net\/104773\/weekly-wrap-up-37-2024\/"]}]},{"@type":"ImageObject","inLanguage":"en-US","@id":"https:\/\/cms.munich-startup.net\/104773\/weekly-wrap-up-37-2024\/#primaryimage","url":"https:\/\/cms.munich-startup.net\/wp-content\/uploads\/2020\/02\/Weekly-Wrap-up-III-e1581596407372.jpg","contentUrl":"https:\/\/cms.munich-startup.net\/wp-content\/uploads\/2020\/02\/Weekly-Wrap-up-III-e1581596407372.jpg","width":1890,"height":1162,"caption":"Weekly Wrap-up"},{"@type":"WebSite","@id":"https:\/\/cms.munich-startup.net\/#website","url":"https:\/\/cms.munich-startup.net\/","name":"Munich Startup","description":"The official startup portal for Munich","potentialAction":[{"@type":"SearchAction","target":{"@type":"EntryPoint","urlTemplate":"https:\/\/cms.munich-startup.net\/?s={search_term_string}"},"query-input":{"@type":"PropertyValueSpecification","valueRequired":true,"valueName":"search_term_string"}}],"inLanguage":"en-US"},{"@type":"Person","@id":"https:\/\/cms.munich-startup.net\/#\/schema\/person\/4733256eff8ed883081bf4d616fa784f","name":"Regina Bruckschl\u00f6gl","image":{"@type":"ImageObject","inLanguage":"en-US","@id":"https:\/\/cms.munich-startup.net\/#\/schema\/person\/image\/","url":"https:\/\/secure.gravatar.com\/avatar\/b783cd1e1497db1e22684a06f3369381?s=96&d=blank&r=g","contentUrl":"https:\/\/secure.gravatar.com\/avatar\/b783cd1e1497db1e22684a06f3369381?s=96&d=blank&r=g","caption":"Regina Bruckschl\u00f6gl"},"description":"After her own startup experiences, she now looks at the Munich startup scene from a different perspective as an editor at Munich Startup \u2013 and discovers every day how diverse the Munich ecosystem is. Startup stories that beg to be told!","sameAs":["https:\/\/cms.munich-startup.net"],"url":"https:\/\/cms.munich-startup.net\/en\/author\/regina\/"}]},"og_image":[{"width":1890,"height":1162,"url":"https:\/\/cms.munich-startup.net\/wp-content\/uploads\/2020\/02\/Weekly-Wrap-up-III-e1581596407372.jpg","type":"image\/jpeg"}]},"_showyear":"","_inactive":"","_show_financing":"","_hide_on_map":"","_edit_lock":"1726759262:42","_edit_last":"42","_yoast_wpseo_focuskw":"Weekly Wrap-up","_yoast_wpseo_metadesc":"Die wichtigsten Artikel der Woche in einer Fotostrecke. So startet Ihr bestens informiert in die neue Woche.","_yoast_wpseo_linkdex":"58","_thumbnail_id":"57467","wbounce_status":"default","_yoast_wpseo_primary_category":"5635","_yoast_wpseo_focuskw_text_input":"","_yoast_wpseo_content_score":"60","ms_image_format":"hide","_ms_image_format":"field_5cb8587572c8b","ms_dachzeile":"","_ms_dachzeile":"field_5cd9b7f365df5","ms_bump_post_date":"","_ms_bump_post_date":"field_5d1341edcf42a","guest_author_name":"","_guest_author_name":"field_5cee78a6016f9","guest_author_image":"","_guest_author_image":"field_5cee7914016fb","guest_author_description":"","_guest_author_description":"field_5cee78dd016fa","ms_post_image_caption":"","_ms_post_image_caption":"field_5f735b0735284","ms_post_image_credit":"","_ms_post_image_credit":"field_5f735b1435285","suppress_startupbox":"0","_suppress_startupbox":"field_60a64b0b6efc6","_yoast_wpseo_estimated-reading-time-minutes":"3","_wp_old_date":"","_yoast_wpseo_title":"","_yoast_wpseo_wordproof_timestamp":"","footnotes":"","easy_language_simplification_original_id":"","easy_language_source_language":"","easy_language_simplification_language":"","easy_language_api":"","easy_language_prevent_automatic_mode":"","_wp_old_slug":"","_wp_trash_meta_status":"","_wp_trash_meta_time":"","easy_language_simplification_state_changed_from":"","easy_language_de_EL_changed":"","ms_competition_deadline":"","_ms_competition_deadline":"","_wpbitly":"","enclosure":"","_yoast_wpseo_meta-robots-noindex":"","_yoast_wpseo_meta-robots-nofollow":"","wbounce_template":"","wbounce_title":"","wbounce_text":"","wbounce_cta":"","wbounce_url":"","wbounce_override":"","_yoast_wpseo_opengraph-title":"","_yoast_wpseo_opengraph-description":"","_oembed_7131efca3705e16bd9da2c41df237660":"","_oembed_time_7131efca3705e16bd9da2c41df237660":"","_pprredirect_type":"","_pprredirect_url":"","_yoast_wpseo_opengraph-image":"","_yoast_wpseo_opengraph-image-id":"","_newsletterglue":"","easy_language_text_language":"","_wp_desired_post_slug":"","_relevanssi_noindex_reason":"","_links":{"self":[{"href":"https:\/\/cms.munich-startup.net\/en\/wp-json\/wp\/v2\/posts\/104773"}],"collection":[{"href":"https:\/\/cms.munich-startup.net\/en\/wp-json\/wp\/v2\/posts"}],"about":[{"href":"https:\/\/cms.munich-startup.net\/en\/wp-json\/wp\/v2\/types\/post"}],"author":[{"embeddable":true,"href":"https:\/\/cms.munich-startup.net\/en\/wp-json\/wp\/v2\/users\/24"}],"replies":[{"embeddable":true,"href":"https:\/\/cms.munich-startup.net\/en\/wp-json\/wp\/v2\/comments?post=104773"}],"version-history":[{"count":3,"href":"https:\/\/cms.munich-startup.net\/en\/wp-json\/wp\/v2\/posts\/104773\/revisions"}],"predecessor-version":[{"id":104790,"href":"https:\/\/cms.munich-startup.net\/en\/wp-json\/wp\/v2\/posts\/104773\/revisions\/104790"}],"wp:featuredmedia":[{"embeddable":true,"href":"https:\/\/cms.munich-startup.net\/en\/wp-json\/wp\/v2\/media\/57467"}],"wp:attachment":[{"href":"https:\/\/cms.munich-startup.net\/en\/wp-json\/wp\/v2\/media?parent=104773"}],"wp:term":[{"taxonomy":"category","embeddable":true,"href":"https:\/\/cms.munich-startup.net\/en\/wp-json\/wp\/v2\/categories?post=104773"},{"taxonomy":"post_tag","embeddable":true,"href":"https:\/\/cms.munich-startup.net\/en\/wp-json\/wp\/v2\/tags?post=104773"}],"curies":[{"name":"wp","href":"https:\/\/api.w.org\/{rel}","templated":true}]}}