{"id":104657,"date":"2024-09-15T08:30:00","date_gmt":"2024-09-15T06:30:00","guid":{"rendered":"https:\/\/cms.munich-startup.net\/?p=104657"},"modified":"2024-09-13T10:44:38","modified_gmt":"2024-09-13T08:44:38","slug":"weekly-wrap-up-36-2024","status":"publish","type":"post","link":"https:\/\/cms.munich-startup.net\/en\/104657\/weekly-wrap-up-36-2024\/","title":{"rendered":"Weekly Wrap-up 36\/2024"},"content":{"rendered":"<div class=\"entry-content\">\n<figure class=\"wp-block-image size-large\"><a href=\"\/en\/104500\/unvyl-interview\/\"><img decoding=\"async\" width=\"1200\" height=\"799\" src=\"https:\/\/cms.munich-startup.net\/wp-content\/uploads\/2024\/09\/unvyl-team-1200x799.jpg\" alt=\"Unvyl\" class=\"wp-image-104502\" srcset=\"https:\/\/cms.munich-startup.net\/wp-content\/uploads\/2024\/09\/unvyl-team-1200x799.jpg 1200w, https:\/\/cms.munich-startup.net\/wp-content\/uploads\/2024\/09\/unvyl-team-600x399.jpg 600w, https:\/\/cms.munich-startup.net\/wp-content\/uploads\/2024\/09\/unvyl-team-768x511.jpg 768w, https:\/\/cms.munich-startup.net\/wp-content\/uploads\/2024\/09\/unvyl-team-1536x1022.jpg 1536w, https:\/\/cms.munich-startup.net\/wp-content\/uploads\/2024\/09\/unvyl-team-2048x1363.jpg 2048w, https:\/\/cms.munich-startup.net\/wp-content\/uploads\/2024\/09\/unvyl-team-880x586.jpg 880w, https:\/\/cms.munich-startup.net\/wp-content\/uploads\/2024\/09\/unvyl-team-440x293.jpg 440w\" sizes=\"(max-width: 1200px) 100vw, 1200px\" \/><\/a><figcaption class=\"wp-element-caption\"><strong>Website made easy for small businesses &amp; Co<\/strong>Tom Sacher, Jonas Matting, and Matthias Mann \u2013 the three founders of Unvyl \u2013 know that a good and well-maintained online presence is now essential for virtually every business. However, their professional experience also tells them that such an online presence poses significant challenges, especially for small businesses, founders, and self-employed individuals with limited budgets and lacking expert knowledge. <a href=\"\/en\/104500\/unvyl-interview\/\">In an interview, the three founders report on how Unvyl intends to help with its solution.<\/a>. (Photo: Unvyl)<\/figcaption><\/figure>\n\n\n\n<!--nextpage-->\n\n\n\n<figure class=\"wp-block-image size-large is-resized\"><a href=\"\/en\/104581\/zaehlerfreunde-seed-financing\/\"><img decoding=\"async\" width=\"1200\" height=\"753\" src=\"https:\/\/cms.munich-startup.net\/wp-content\/uploads\/2022\/10\/team-siegestor-1200x753.jpg\" alt=\"Z\u00e4hlerfreunde\" class=\"wp-image-86434\" style=\"aspect-ratio:1.593625498007968;width:840px;height:auto\" srcset=\"https:\/\/cms.munich-startup.net\/wp-content\/uploads\/2022\/10\/team-siegestor-1200x753.jpg 1200w, https:\/\/cms.munich-startup.net\/wp-content\/uploads\/2022\/10\/team-siegestor-600x377.jpg 600w, https:\/\/cms.munich-startup.net\/wp-content\/uploads\/2022\/10\/team-siegestor-768x482.jpg 768w, https:\/\/cms.munich-startup.net\/wp-content\/uploads\/2022\/10\/team-siegestor-1536x964.jpg 1536w, https:\/\/cms.munich-startup.net\/wp-content\/uploads\/2022\/10\/team-siegestor-2048x1285.jpg 2048w, https:\/\/cms.munich-startup.net\/wp-content\/uploads\/2022\/10\/team-siegestor-880x552.jpg 880w, https:\/\/cms.munich-startup.net\/wp-content\/uploads\/2022\/10\/team-siegestor-440x276.jpg 440w\" sizes=\"(max-width: 1200px) 100vw, 1200px\" \/><\/a><figcaption class=\"wp-element-caption\"><strong>Z\u00e4hlerfreunde closes seven-figure seed round<\/strong>: The Munich-based cleantech startup Z\u00e4hlerfreunde has <a href=\"\/en\/104581\/zaehlerfreunde-seed-financing\/\">secured a seven-figure sum in the current seed financing round<\/a>In addition to existing investors Enpulse and Capacura, Salzburg AG and Stadtwerke Herne are now also on board as new investors. (Photo: Z\u00e4hlerfreunde)<\/figcaption><\/figure>\n\n\n\n<!--nextpage-->\n\n\n\n<figure class=\"wp-block-image size-large\"><a href=\"\/en\/104594\/social-startup-hub-bavaria-goes-into-extension\/\"><img decoding=\"async\" width=\"1200\" height=\"800\" src=\"https:\/\/cms.munich-startup.net\/wp-content\/uploads\/2024\/09\/SSHB-Pressefoto-1_by-Patrick-Mayr_Kunstlabor-Muenchen-1200x800.jpg\" alt=\"\" class=\"wp-image-104595\" srcset=\"https:\/\/cms.munich-startup.net\/wp-content\/uploads\/2024\/09\/SSHB-Pressefoto-1_by-Patrick-Mayr_Kunstlabor-Muenchen-1200x800.jpg 1200w, https:\/\/cms.munich-startup.net\/wp-content\/uploads\/2024\/09\/SSHB-Pressefoto-1_by-Patrick-Mayr_Kunstlabor-Muenchen-600x400.jpg 600w, https:\/\/cms.munich-startup.net\/wp-content\/uploads\/2024\/09\/SSHB-Pressefoto-1_by-Patrick-Mayr_Kunstlabor-Muenchen-768x512.jpg 768w, https:\/\/cms.munich-startup.net\/wp-content\/uploads\/2024\/09\/SSHB-Pressefoto-1_by-Patrick-Mayr_Kunstlabor-Muenchen-1536x1024.jpg 1536w, https:\/\/cms.munich-startup.net\/wp-content\/uploads\/2024\/09\/SSHB-Pressefoto-1_by-Patrick-Mayr_Kunstlabor-Muenchen-2048x1365.jpg 2048w, https:\/\/cms.munich-startup.net\/wp-content\/uploads\/2024\/09\/SSHB-Pressefoto-1_by-Patrick-Mayr_Kunstlabor-Muenchen-880x587.jpg 880w, https:\/\/cms.munich-startup.net\/wp-content\/uploads\/2024\/09\/SSHB-Pressefoto-1_by-Patrick-Mayr_Kunstlabor-Muenchen-440x293.jpg 440w\" sizes=\"(max-width: 1200px) 100vw, 1200px\" \/><\/a><figcaption class=\"wp-element-caption\"><strong>Social-Startup-Hub Bayern goes into overtime:<\/strong> In 2022, the Social-Startup-Hub Bayern was launched as a model project of the Bavarian State Ministry for Family, Labour and Social Affairs with the aim of establishing itself as a central contact point in the Bavarian start-up scene for all those who want to create social added value with their start-up. <a href=\"\/en\/104594\/social-startup-hub-bavaria-goes-into-extension\/\">Now the Social-Startup-Hub Bayern goes into overtime<\/a>. (Photo: Patrick Mayr; Kunstlabor M\u00fcnchen)<\/figcaption><\/figure>\n\n\n\n<!--nextpage-->\n\n\n\n<figure class=\"wp-block-image size-large\"><a href=\"\/en\/104650\/us-expansion-egym-takes-over-fitreserve\/\"><img decoding=\"async\" width=\"1200\" height=\"752\" src=\"https:\/\/cms.munich-startup.net\/wp-content\/uploads\/2021\/03\/eGym-CEO-Philipp-Roesch-Schlanderer-e1543233343669-edited-1200x752.jpg\" alt=\"eGym CEO Philipp Roesch-Schlanderer Fitness\" class=\"wp-image-70392\" style=\"aspect-ratio:1.5957446808510638\" srcset=\"https:\/\/cms.munich-startup.net\/wp-content\/uploads\/2021\/03\/eGym-CEO-Philipp-Roesch-Schlanderer-e1543233343669-edited-1200x752.jpg 1200w, https:\/\/cms.munich-startup.net\/wp-content\/uploads\/2021\/03\/eGym-CEO-Philipp-Roesch-Schlanderer-e1543233343669-edited-600x376.jpg 600w, https:\/\/cms.munich-startup.net\/wp-content\/uploads\/2021\/03\/eGym-CEO-Philipp-Roesch-Schlanderer-e1543233343669-edited-768x481.jpg 768w, https:\/\/cms.munich-startup.net\/wp-content\/uploads\/2021\/03\/eGym-CEO-Philipp-Roesch-Schlanderer-e1543233343669-edited-880x551.jpg 880w, https:\/\/cms.munich-startup.net\/wp-content\/uploads\/2021\/03\/eGym-CEO-Philipp-Roesch-Schlanderer-e1543233343669-edited-440x276.jpg 440w, https:\/\/cms.munich-startup.net\/wp-content\/uploads\/2021\/03\/eGym-CEO-Philipp-Roesch-Schlanderer-e1543233343669-edited.jpg 1247w\" sizes=\"(max-width: 1200px) 100vw, 1200px\" \/><\/a><figcaption class=\"wp-element-caption\"><strong>Egym takes over Fitreserve<\/strong>: The Munich-based fitness tech company Egym is entering the US corporate wellness market with the acquisition of the US fitness network Fitreserve. <a href=\"\/en\/104650\/us-expansion-egym-takes-over-fitreserve\/\">The Munich-based company is thus continuing its international expansion course<\/a>. (Photo: Egym)<\/figcaption><\/figure>\n\n\n\n<!--nextpage-->\n\n\n\n<figure class=\"wp-block-image size-full\"><a href=\"\/en\/104654\/greentech-talents-career-path-in-the-greentech-industry\/\"><img decoding=\"async\" width=\"1045\" height=\"651\" src=\"https:\/\/cms.munich-startup.net\/wp-content\/uploads\/2024\/09\/Joerg-Bielicke_2.jpg\" alt=\"Greentech Talents\" class=\"wp-image-104668\" srcset=\"https:\/\/cms.munich-startup.net\/wp-content\/uploads\/2024\/09\/Joerg-Bielicke_2.jpg 1045w, https:\/\/cms.munich-startup.net\/wp-content\/uploads\/2024\/09\/Joerg-Bielicke_2-600x374.jpg 600w, https:\/\/cms.munich-startup.net\/wp-content\/uploads\/2024\/09\/Joerg-Bielicke_2-768x478.jpg 768w, https:\/\/cms.munich-startup.net\/wp-content\/uploads\/2024\/09\/Joerg-Bielicke_2-880x548.jpg 880w, https:\/\/cms.munich-startup.net\/wp-content\/uploads\/2024\/09\/Joerg-Bielicke_2-440x274.jpg 440w\" sizes=\"(max-width: 1045px) 100vw, 1045px\" \/><\/a><figcaption class=\"wp-element-caption\"><strong>Career path in the greentech industry:<\/strong> Greentech Talents, as its name suggests, is a career management startup focused on the greentech sector. And the Munich-based company aims to be more than just a traditional recruitment agency. <a href=\"\/en\/104654\/greentech-talents-career-path-in-the-greentech-industry\/\">In this interview, you will learn what exactly Greentech Talents offers its customers and why the startup&#039;s founding story is closely interwoven with the professional experiences of its founder J\u00f6rg Bielicke.<\/a>. (Photo: Greentech Talents)<\/figcaption><\/figure>\n<\/div>","protected":false},"excerpt":{"rendered":"<p>The most important articles of the week in a photo gallery. So you can start the new week well-informed.<\/p>","protected":false},"author":24,"featured_media":57467,"comment_status":"closed","ping_status":"closed","sticky":false,"template":"","format":"standard","meta":{"_acf_changed":false,"footnotes":""},"categories":[1,5635],"tags":[3869],"acf":[],"yoast_head":"<!-- This site is optimized with the Yoast SEO plugin v26.1.1 - https:\/\/yoast.com\/wordpress\/plugins\/seo\/ -->\n<title>Weekly Wrap-up 36\/2024 - Munich Startup<\/title>\n<meta name=\"description\" content=\"Die wichtigsten Artikel der Woche in einer Fotostrecke. So startet Ihr bestens informiert in die neue Woche.\" \/>\n<meta name=\"robots\" content=\"index, follow, max-snippet:-1, max-image-preview:large, max-video-preview:-1\" \/>\n<link rel=\"canonical\" href=\"https:\/\/cms.munich-startup.net\/en\/104657\/weekly-wrap-up-36-2024\/\" \/>\n<link rel=\"next\" href=\"https:\/\/cms.munich-startup.net\/104657\/weekly-wrap-up-36-2024\/2\/\" \/>\n<meta property=\"og:locale\" content=\"en_US\" \/>\n<meta property=\"og:type\" content=\"article\" \/>\n<meta property=\"og:title\" content=\"Weekly Wrap-up 36\/2024 - Munich Startup\" \/>\n<meta property=\"og:description\" content=\"Die wichtigsten Artikel der Woche in einer Fotostrecke. So startet Ihr bestens informiert in die neue Woche.\" \/>\n<meta property=\"og:url\" content=\"https:\/\/cms.munich-startup.net\/en\/104657\/weekly-wrap-up-36-2024\/\" \/>\n<meta property=\"og:site_name\" content=\"Munich Startup\" \/>\n<meta property=\"article:publisher\" content=\"https:\/\/www.facebook.com\/munichstartup\/\" \/>\n<meta property=\"article:published_time\" content=\"2024-09-15T06:30:00+00:00\" \/>\n<meta name=\"author\" content=\"Regina Bruckschl\u00f6gl\" \/>\n<meta name=\"twitter:card\" content=\"summary_large_image\" \/>\n<meta name=\"twitter:creator\" content=\"@munich_startup\" \/>\n<meta name=\"twitter:site\" content=\"@munich_startup\" \/>\n<meta name=\"twitter:label1\" content=\"Written by\" \/>\n\t<meta name=\"twitter:data1\" content=\"Regina Bruckschl\u00f6gl\" \/>\n\t<meta name=\"twitter:label2\" content=\"Est. reading time\" \/>\n\t<meta name=\"twitter:data2\" content=\"3 minutes\" \/>\n<script type=\"application\/ld+json\" class=\"yoast-schema-graph\">{\"@context\":\"https:\/\/schema.org\",\"@graph\":[{\"@type\":\"WebPage\",\"@id\":\"https:\/\/cms.munich-startup.net\/104657\/weekly-wrap-up-36-2024\/\",\"url\":\"https:\/\/cms.munich-startup.net\/104657\/weekly-wrap-up-36-2024\/\",\"name\":\"Weekly Wrap-up 36\/2024 - Munich Startup\",\"isPartOf\":{\"@id\":\"https:\/\/cms.munich-startup.net\/#website\"},\"primaryImageOfPage\":{\"@id\":\"https:\/\/cms.munich-startup.net\/104657\/weekly-wrap-up-36-2024\/#primaryimage\"},\"image\":{\"@id\":\"https:\/\/cms.munich-startup.net\/104657\/weekly-wrap-up-36-2024\/#primaryimage\"},\"thumbnailUrl\":\"https:\/\/cms.munich-startup.net\/wp-content\/uploads\/2020\/02\/Weekly-Wrap-up-III-e1581596407372.jpg\",\"datePublished\":\"2024-09-15T06:30:00+00:00\",\"author\":{\"@id\":\"https:\/\/cms.munich-startup.net\/#\/schema\/person\/4733256eff8ed883081bf4d616fa784f\"},\"description\":\"Die wichtigsten Artikel der Woche in einer Fotostrecke. So startet Ihr bestens informiert in die neue Woche.\",\"inLanguage\":\"en-US\",\"potentialAction\":[{\"@type\":\"ReadAction\",\"target\":[\"https:\/\/cms.munich-startup.net\/104657\/weekly-wrap-up-36-2024\/\"]}]},{\"@type\":\"ImageObject\",\"inLanguage\":\"en-US\",\"@id\":\"https:\/\/cms.munich-startup.net\/104657\/weekly-wrap-up-36-2024\/#primaryimage\",\"url\":\"https:\/\/cms.munich-startup.net\/wp-content\/uploads\/2020\/02\/Weekly-Wrap-up-III-e1581596407372.jpg\",\"contentUrl\":\"https:\/\/cms.munich-startup.net\/wp-content\/uploads\/2020\/02\/Weekly-Wrap-up-III-e1581596407372.jpg\",\"width\":1890,\"height\":1162,\"caption\":\"Weekly Wrap-up\"},{\"@type\":\"WebSite\",\"@id\":\"https:\/\/cms.munich-startup.net\/#website\",\"url\":\"https:\/\/cms.munich-startup.net\/\",\"name\":\"Munich Startup\",\"description\":\"Das offizielle Startup-Portal f\u00fcr M\u00fcnchen\",\"potentialAction\":[{\"@type\":\"SearchAction\",\"target\":{\"@type\":\"EntryPoint\",\"urlTemplate\":\"https:\/\/cms.munich-startup.net\/?s={search_term_string}\"},\"query-input\":{\"@type\":\"PropertyValueSpecification\",\"valueRequired\":true,\"valueName\":\"search_term_string\"}}],\"inLanguage\":\"en-US\"},{\"@type\":\"Person\",\"@id\":\"https:\/\/cms.munich-startup.net\/#\/schema\/person\/4733256eff8ed883081bf4d616fa784f\",\"name\":\"Regina Bruckschl\u00f6gl\",\"image\":{\"@type\":\"ImageObject\",\"inLanguage\":\"en-US\",\"@id\":\"https:\/\/cms.munich-startup.net\/#\/schema\/person\/image\/\",\"url\":\"https:\/\/secure.gravatar.com\/avatar\/b783cd1e1497db1e22684a06f3369381?s=96&d=blank&r=g\",\"contentUrl\":\"https:\/\/secure.gravatar.com\/avatar\/b783cd1e1497db1e22684a06f3369381?s=96&d=blank&r=g\",\"caption\":\"Regina Bruckschl\u00f6gl\"},\"description\":\"Nach eigenen Startup-Erfahrungen blickt sie als Redakteurin von Munich Startup nun aus einer anderen Perspektive auf die M\u00fcnchner Startup-Szene \u2013 und entdeckt dabei jeden Tag, wie vielf\u00e4ltig das M\u00fcnchner \u00d6kosystem ist. Startup Stories, die erz\u00e4hlt werden wollen!\",\"sameAs\":[\"https:\/\/cms.munich-startup.net\"],\"url\":\"https:\/\/cms.munich-startup.net\/en\/author\/regina\/\"}]}<\/script>\n<meta property=\"og:image\" content=\"https:\/\/cms.munich-startup.net\/en\/wp-content\/uploads\/2020\/02\/Weekly-Wrap-up-III-e1581596407372.jpg\" \/>\n\t<meta property=\"og:image:width\" content=\"1890\" \/>\n\t<meta property=\"og:image:height\" content=\"1162\" \/>\n\t<meta property=\"og:image:type\" content=\"image\/jpeg\" \/>\n<!-- \/ Yoast SEO plugin. -->","yoast_head_json":{"title":"Weekly Wrap-up 36\/2024 - Munich Startup","description":"The most important articles of the week in a photo gallery. So you can start the new week well-informed.","robots":{"index":"index","follow":"follow","max-snippet":"max-snippet:-1","max-image-preview":"max-image-preview:large","max-video-preview":"max-video-preview:-1"},"canonical":"https:\/\/cms.munich-startup.net\/en\/104657\/weekly-wrap-up-36-2024\/","next":"https:\/\/cms.munich-startup.net\/104657\/weekly-wrap-up-36-2024\/2\/","og_locale":"en_US","og_type":"article","og_title":"Weekly Wrap-up 36\/2024 - Munich Startup","og_description":"Die wichtigsten Artikel der Woche in einer Fotostrecke. So startet Ihr bestens informiert in die neue Woche.","og_url":"https:\/\/cms.munich-startup.net\/en\/104657\/weekly-wrap-up-36-2024\/","og_site_name":"Munich Startup","article_publisher":"https:\/\/www.facebook.com\/munichstartup\/","article_published_time":"2024-09-15T06:30:00+00:00","author":"Regina Bruckschl\u00f6gl","twitter_card":"summary_large_image","twitter_creator":"@munich_startup","twitter_site":"@munich_startup","twitter_misc":{"Written by":"Regina Bruckschl\u00f6gl","Est. reading time":"3 minutes"},"schema":{"@context":"https:\/\/schema.org","@graph":[{"@type":"WebPage","@id":"https:\/\/cms.munich-startup.net\/104657\/weekly-wrap-up-36-2024\/","url":"https:\/\/cms.munich-startup.net\/104657\/weekly-wrap-up-36-2024\/","name":"Weekly Wrap-up 36\/2024 - Munich Startup","isPartOf":{"@id":"https:\/\/cms.munich-startup.net\/#website"},"primaryImageOfPage":{"@id":"https:\/\/cms.munich-startup.net\/104657\/weekly-wrap-up-36-2024\/#primaryimage"},"image":{"@id":"https:\/\/cms.munich-startup.net\/104657\/weekly-wrap-up-36-2024\/#primaryimage"},"thumbnailUrl":"https:\/\/cms.munich-startup.net\/wp-content\/uploads\/2020\/02\/Weekly-Wrap-up-III-e1581596407372.jpg","datePublished":"2024-09-15T06:30:00+00:00","author":{"@id":"https:\/\/cms.munich-startup.net\/#\/schema\/person\/4733256eff8ed883081bf4d616fa784f"},"description":"The most important articles of the week in a photo gallery. So you can start the new week well-informed.","inLanguage":"en-US","potentialAction":[{"@type":"ReadAction","target":["https:\/\/cms.munich-startup.net\/104657\/weekly-wrap-up-36-2024\/"]}]},{"@type":"ImageObject","inLanguage":"en-US","@id":"https:\/\/cms.munich-startup.net\/104657\/weekly-wrap-up-36-2024\/#primaryimage","url":"https:\/\/cms.munich-startup.net\/wp-content\/uploads\/2020\/02\/Weekly-Wrap-up-III-e1581596407372.jpg","contentUrl":"https:\/\/cms.munich-startup.net\/wp-content\/uploads\/2020\/02\/Weekly-Wrap-up-III-e1581596407372.jpg","width":1890,"height":1162,"caption":"Weekly Wrap-up"},{"@type":"WebSite","@id":"https:\/\/cms.munich-startup.net\/#website","url":"https:\/\/cms.munich-startup.net\/","name":"Munich Startup","description":"The official startup portal for Munich","potentialAction":[{"@type":"SearchAction","target":{"@type":"EntryPoint","urlTemplate":"https:\/\/cms.munich-startup.net\/?s={search_term_string}"},"query-input":{"@type":"PropertyValueSpecification","valueRequired":true,"valueName":"search_term_string"}}],"inLanguage":"en-US"},{"@type":"Person","@id":"https:\/\/cms.munich-startup.net\/#\/schema\/person\/4733256eff8ed883081bf4d616fa784f","name":"Regina Bruckschl\u00f6gl","image":{"@type":"ImageObject","inLanguage":"en-US","@id":"https:\/\/cms.munich-startup.net\/#\/schema\/person\/image\/","url":"https:\/\/secure.gravatar.com\/avatar\/b783cd1e1497db1e22684a06f3369381?s=96&d=blank&r=g","contentUrl":"https:\/\/secure.gravatar.com\/avatar\/b783cd1e1497db1e22684a06f3369381?s=96&d=blank&r=g","caption":"Regina Bruckschl\u00f6gl"},"description":"After her own startup experiences, she now looks at the Munich startup scene from a different perspective as an editor at Munich Startup \u2013 and discovers every day how diverse the Munich ecosystem is. Startup stories that beg to be told!","sameAs":["https:\/\/cms.munich-startup.net"],"url":"https:\/\/cms.munich-startup.net\/en\/author\/regina\/"}]},"og_image":[{"width":1890,"height":1162,"url":"https:\/\/cms.munich-startup.net\/wp-content\/uploads\/2020\/02\/Weekly-Wrap-up-III-e1581596407372.jpg","type":"image\/jpeg"}]},"_showyear":"","_inactive":"","_show_financing":"","_hide_on_map":"","_edit_lock":"1726217080:33","_edit_last":"33","_yoast_wpseo_focuskw":"Weekly Wrap-up","_yoast_wpseo_metadesc":"Die wichtigsten Artikel der Woche in einer Fotostrecke. So startet Ihr bestens informiert in die neue Woche.","_yoast_wpseo_linkdex":"58","_thumbnail_id":"57467","wbounce_status":"default","_yoast_wpseo_primary_category":"5635","_yoast_wpseo_focuskw_text_input":"","_yoast_wpseo_content_score":"60","ms_image_format":"hide","_ms_image_format":"field_5cb8587572c8b","ms_dachzeile":"","_ms_dachzeile":"field_5cd9b7f365df5","ms_bump_post_date":"","_ms_bump_post_date":"field_5d1341edcf42a","guest_author_name":"","_guest_author_name":"field_5cee78a6016f9","guest_author_image":"","_guest_author_image":"field_5cee7914016fb","guest_author_description":"","_guest_author_description":"field_5cee78dd016fa","ms_post_image_caption":"","_ms_post_image_caption":"field_5f735b0735284","ms_post_image_credit":"","_ms_post_image_credit":"field_5f735b1435285","suppress_startupbox":"0","_suppress_startupbox":"field_60a64b0b6efc6","_yoast_wpseo_estimated-reading-time-minutes":"3","_wp_old_date":"","_yoast_wpseo_title":"","_yoast_wpseo_wordproof_timestamp":"","footnotes":"","easy_language_simplification_original_id":"","easy_language_source_language":"","easy_language_simplification_language":"","easy_language_api":"","easy_language_prevent_automatic_mode":"","_wp_old_slug":"","_wp_trash_meta_status":"","_wp_trash_meta_time":"","easy_language_simplification_state_changed_from":"","easy_language_de_EL_changed":"","ms_competition_deadline":"","_ms_competition_deadline":"","_wpbitly":"","enclosure":"","_yoast_wpseo_meta-robots-noindex":"","_yoast_wpseo_meta-robots-nofollow":"","wbounce_template":"","wbounce_title":"","wbounce_text":"","wbounce_cta":"","wbounce_url":"","wbounce_override":"","_yoast_wpseo_opengraph-title":"","_yoast_wpseo_opengraph-description":"","_oembed_7131efca3705e16bd9da2c41df237660":"","_oembed_time_7131efca3705e16bd9da2c41df237660":"","_pprredirect_type":"","_pprredirect_url":"","_yoast_wpseo_opengraph-image":"","_yoast_wpseo_opengraph-image-id":"","_newsletterglue":"","easy_language_text_language":"","_wp_desired_post_slug":"","_relevanssi_noindex_reason":"","_links":{"self":[{"href":"https:\/\/cms.munich-startup.net\/en\/wp-json\/wp\/v2\/posts\/104657"}],"collection":[{"href":"https:\/\/cms.munich-startup.net\/en\/wp-json\/wp\/v2\/posts"}],"about":[{"href":"https:\/\/cms.munich-startup.net\/en\/wp-json\/wp\/v2\/types\/post"}],"author":[{"embeddable":true,"href":"https:\/\/cms.munich-startup.net\/en\/wp-json\/wp\/v2\/users\/24"}],"replies":[{"embeddable":true,"href":"https:\/\/cms.munich-startup.net\/en\/wp-json\/wp\/v2\/comments?post=104657"}],"version-history":[{"count":4,"href":"https:\/\/cms.munich-startup.net\/en\/wp-json\/wp\/v2\/posts\/104657\/revisions"}],"predecessor-version":[{"id":104678,"href":"https:\/\/cms.munich-startup.net\/en\/wp-json\/wp\/v2\/posts\/104657\/revisions\/104678"}],"wp:featuredmedia":[{"embeddable":true,"href":"https:\/\/cms.munich-startup.net\/en\/wp-json\/wp\/v2\/media\/57467"}],"wp:attachment":[{"href":"https:\/\/cms.munich-startup.net\/en\/wp-json\/wp\/v2\/media?parent=104657"}],"wp:term":[{"taxonomy":"category","embeddable":true,"href":"https:\/\/cms.munich-startup.net\/en\/wp-json\/wp\/v2\/categories?post=104657"},{"taxonomy":"post_tag","embeddable":true,"href":"https:\/\/cms.munich-startup.net\/en\/wp-json\/wp\/v2\/tags?post=104657"}],"curies":[{"name":"wp","href":"https:\/\/api.w.org\/{rel}","templated":true}]}}